{"id":790,"date":"2011-11-27T23:48:47","date_gmt":"2011-11-27T22:48:47","guid":{"rendered":"http:\/\/www.expotec103.com\/?p=790"},"modified":"2011-11-27T23:48:47","modified_gmt":"2011-11-27T22:48:47","slug":"dimanche-de-la-saint-eloi-2011","status":"publish","type":"post","link":"https:\/\/expotec103.fr\/index.php\/2011\/11\/27\/dimanche-de-la-saint-eloi-2011\/","title":{"rendered":"Dimanche de la Saint-\u00c9loi 2011"},"content":{"rendered":"<figure style=\"width: 160px\" class=\"wp-caption alignright\"><a title=\"Foyer de zigazou76, sur Flickr\" href=\"http:\/\/www.flickr.com\/photos\/zigazou76\/6414047987\/\"><img loading=\"lazy\" decoding=\"async\" title=\"Foyer de forge portative\" src=\"http:\/\/farm8.staticflickr.com\/7164\/6414047987_a3a817c1c7_m.jpg\" alt=\"Foyer de forge portative\" width=\"160\" height=\"240\" \/><\/a><figcaption class=\"wp-caption-text\">Foyer de forge portative<\/figcaption><\/figure>\n<p>Et voil\u00e0 ! Le week-end est d\u00e9j\u00e0 fini, la Saint-\u00c9loi a ferm\u00e9 ses portes ce dimanche soir apr\u00e8s deux jours d\u2019affluence, de visiteurs passionn\u00e9s, de d\u00e9monstration, de rencontres, d\u2019expositions\u2026<\/p>\n<p>Le Centre d\u2019Histoire Sociale tient \u00e0 remercier :<\/p>\n<ul>\n<li><strong>les b\u00e9n\u00e9voles<\/strong> qui ont anim\u00e9 la manifestation, accueilli les visiteurs et assur\u00e9 l\u2019am\u00e9nagement du moulin Saint-Gilles,<\/li>\n<li><strong>les exposants et artistes<\/strong> qui ont pr\u00e9sent\u00e9 des pi\u00e8ces exceptionnelles et nous ont fait l\u2019honneur de leur pr\u00e9sence,<\/li>\n<li><strong>les collectivit\u00e9s et entreprises<\/strong> qui nous apport\u00e9 un soutien logistique de premier ordre, nous pensons notamment \u00e0 la Ville de Rouen, au D\u00e9partement de la Seine-Maritime, aux soci\u00e9t\u00e9s Cit\u00e9os et R\u00e9gis Location,<\/li>\n<li><strong>les m\u00e9dias<\/strong> qui nous ont suivi et ont relay\u00e9 nos informations,<\/li>\n<li>et enfin <strong>les visiteurs<\/strong> qui sont venus en nombre et nous ont fait part de leur int\u00e9r\u00eat.<\/li>\n<\/ul>\n<p>Pour cette \u00e9dition 2011 de la Saint-\u00c9loi, l\u2019association a mis les petits plats dans les grands pour satisfaire un public exigeant et aux attentes diverses : expositions de couteaux, de moteurs \u00e0 explosion, de sculptures, de pi\u00e8ces d\u2019artisanat, d\u00e9monstrations de forge, de travail du m\u00e9tal, d\u2019imprimerie, de machine \u00e0 vapeur etc.<\/p>\n<p>Retour en photos sur cette derni\u00e8re journ\u00e9e avec tout d\u2019abord les couteaux. <a title=\"Galerie photos du dimanche 27 novembre de la Saint-\u00c9loi 2011\" href=\"http:\/\/www.flickr.com\/photos\/zigazou76\/sets\/72157628179233399\/\">La galerie compl\u00e8te du dimanche est disponible par ici<\/a>.<\/p>\n<figure style=\"width: 333px\" class=\"wp-caption aligncenter\"><a title=\"Exposition de couteaux de zigazou76, sur Flickr\" href=\"http:\/\/www.flickr.com\/photos\/zigazou76\/6413954977\/\"><img loading=\"lazy\" decoding=\"async\" title=\"Exposition de couteaux\" src=\"http:\/\/farm8.staticflickr.com\/7158\/6413954977_23cd3db3d1.jpg\" alt=\"Exposition de couteaux\" width=\"333\" height=\"500\" \/><\/a><figcaption class=\"wp-caption-text\">Exposition de couteaux<\/figcaption><\/figure>\n<p>Pierre-Yves Javel et Lucien P\u00e9ronne ont r\u00e9pondu aux questions des visiteurs \u00e9clair\u00e9s ou n\u00e9ophytes sans rel\u00e2che tout au long de ce week-end :<\/p>\n<figure style=\"width: 500px\" class=\"wp-caption aligncenter\"><a title=\"Saint-\u00c9loi 2011 de zigazou76, sur Flickr\" href=\"http:\/\/www.flickr.com\/photos\/zigazou76\/6413933369\/\"><img loading=\"lazy\" decoding=\"async\" title=\"Saint-\u00c9loi 2011\" src=\"http:\/\/farm8.staticflickr.com\/7152\/6413933369_da44fc380f.jpg\" alt=\"Saint-\u00c9loi 2011\" width=\"500\" height=\"333\" \/><\/a><figcaption class=\"wp-caption-text\">Saint-\u00c9loi 2011<\/figcaption><\/figure>\n<p>On pouvait admirer des vieux moteurs :<\/p>\n<figure style=\"width: 500px\" class=\"wp-caption aligncenter\"><a title=\"Moteur \u00e0 explosion de zigazou76, sur Flickr\" href=\"http:\/\/www.flickr.com\/photos\/zigazou76\/6413828813\/\"><img loading=\"lazy\" decoding=\"async\" title=\"Moteur \u00e0 explosion\" src=\"http:\/\/farm8.staticflickr.com\/7013\/6413828813_e0a147009c.jpg\" alt=\"Moteur \u00e0 explosion\" width=\"500\" height=\"333\" \/><\/a><figcaption class=\"wp-caption-text\">Moteur \u00e0 explosion<\/figcaption><\/figure>\n<p>L\u2019espace des forgerons a offert aux visiteurs un spectacle tout en chaleur avec quatre foyers fonctionnant \u00e0 plein :<\/p>\n<figure style=\"width: 500px\" class=\"wp-caption aligncenter\"><a title=\"Espace forge de zigazou76, sur Flickr\" href=\"http:\/\/www.flickr.com\/photos\/zigazou76\/6413979737\/\"><img loading=\"lazy\" decoding=\"async\" title=\"Espace forge\" src=\"http:\/\/farm8.staticflickr.com\/7144\/6413979737_708815b172.jpg\" alt=\"Espace forge\" width=\"500\" height=\"333\" \/><\/a><figcaption class=\"wp-caption-text\">Espace forge<\/figcaption><\/figure>\n<p>Les apprentis de tous \u00e2ges ont \u00e9t\u00e9 guid\u00e9s par les forgerons :<\/p>\n<figure style=\"width: 500px\" class=\"wp-caption aligncenter\"><a title=\"S\u00e9bastien et son apprenti de zigazou76, sur Flickr\" href=\"http:\/\/www.flickr.com\/photos\/zigazou76\/6414020813\/\"><img loading=\"lazy\" decoding=\"async\" title=\"S\u00e9bastien et son apprenti\" src=\"http:\/\/farm7.staticflickr.com\/6041\/6414020813_247254e53b.jpg\" alt=\"S\u00e9bastien et son apprenti\" width=\"500\" height=\"333\" \/><\/a><figcaption class=\"wp-caption-text\">S\u00e9bastien et son apprenti<\/figcaption><\/figure>\n<figure style=\"width: 333px\" class=\"wp-caption aligncenter\"><a title=\"Carole Leroy et son apprenti de zigazou76, sur Flickr\" href=\"http:\/\/www.flickr.com\/photos\/zigazou76\/6414010521\/\"><img loading=\"lazy\" decoding=\"async\" title=\"Carole Leroy et son apprenti\" src=\"http:\/\/farm7.staticflickr.com\/6037\/6414010521_d091586bdb.jpg\" alt=\"Carole Leroy et son apprenti\" width=\"333\" height=\"500\" \/><\/a><figcaption class=\"wp-caption-text\">Carole Leroy et son apprenti<\/figcaption><\/figure>\n<p>Catherine Lamacque, quant \u00e0 elle, a poursuivi son travail du cuivre :<\/p>\n<figure style=\"width: 500px\" class=\"wp-caption aligncenter\"><a title=\"Catherine Lamacque de zigazou76, sur Flickr\" href=\"http:\/\/www.flickr.com\/photos\/zigazou76\/6413988189\/\"><img loading=\"lazy\" decoding=\"async\" title=\"Catherine Lamacque\" src=\"http:\/\/farm8.staticflickr.com\/7151\/6413988189_a2a024cbdd.jpg\" alt=\"Catherine Lamacque\" width=\"500\" height=\"500\" \/><\/a><figcaption class=\"wp-caption-text\">Catherine Lamacque<\/figcaption><\/figure>\n<p>Tandis que Marc Tiret faisait r\u00e9guli\u00e8rement d\u00e9monstration du marteau-pilon, outil impressionnant s\u2019il en est :<\/p>\n<figure style=\"width: 500px\" class=\"wp-caption aligncenter\"><a title=\"Marc Tiret au marteau-pilon de zigazou76, sur Flickr\" href=\"http:\/\/www.flickr.com\/photos\/zigazou76\/6413971197\/\"><img loading=\"lazy\" decoding=\"async\" title=\"Marc Tiret au marteau-pilon\" src=\"http:\/\/farm7.staticflickr.com\/6215\/6413971197_d374232509.jpg\" alt=\"Marc Tiret au marteau-pilon\" width=\"500\" height=\"333\" \/><\/a><figcaption class=\"wp-caption-text\">Marc Tiret au marteau-pilon<\/figcaption><\/figure>\n<p>D\u2019autres, comme Bruno Morice, trouvaient une main d\u2019\u0153uvre \u00e9conomique \ud83d\ude09<\/p>\n<figure style=\"width: 333px\" class=\"wp-caption aligncenter\"><a title=\"Bruno Morice aiguisant une lame de zigazou76, sur Flickr\" href=\"http:\/\/www.flickr.com\/photos\/zigazou76\/6414054455\/\"><img loading=\"lazy\" decoding=\"async\" title=\"Bruno Morice aiguisant une lame\" src=\"http:\/\/farm8.staticflickr.com\/7172\/6414054455_47011b742e.jpg\" alt=\"Bruno Morice aiguisant une lame\" width=\"333\" height=\"500\" \/><\/a><figcaption class=\"wp-caption-text\">Bruno Morice aiguisant une lame<\/figcaption><\/figure>\n<p>Laurent, de son c\u00f4t\u00e9, pr\u00e9sentait l\u2019\u00e9tau-limeur :<\/p>\n<figure style=\"width: 333px\" class=\"wp-caption aligncenter\"><a title=\"Laurent \u00e0 l\u2019\u00e9tau-limeur de zigazou76, sur Flickr\" href=\"http:\/\/www.flickr.com\/photos\/zigazou76\/6413925413\/\"><img loading=\"lazy\" decoding=\"async\" title=\"Laurent \u00e0 l\u2019\u00e9tau-limeur\" src=\"http:\/\/farm8.staticflickr.com\/7032\/6413925413_226c756e3b.jpg\" alt=\"Laurent \u00e0 l\u2019\u00e9tau-limeur\" width=\"333\" height=\"500\" \/><\/a><figcaption class=\"wp-caption-text\">Laurent \u00e0 l\u2019\u00e9tau-limeur<\/figcaption><\/figure>\n<p>Et Francis, notre typographe, ex\u00e9cutait des dipl\u00f4mes de ma\u00eetre-imprimeur ou expliquait le fonctionnement de la platine Heidelberg :<\/p>\n<figure style=\"width: 333px\" class=\"wp-caption aligncenter\"><a title=\"Francis sur la platine Heidelberg de zigazou76, sur Flickr\" href=\"http:\/\/www.flickr.com\/photos\/zigazou76\/6413898205\/\"><img loading=\"lazy\" decoding=\"async\" title=\"Francis sur la platine Heidelberg\" src=\"http:\/\/farm8.staticflickr.com\/7147\/6413898205_ab210cae05.jpg\" alt=\"Francis sur la platine Heidelberg\" width=\"333\" height=\"500\" \/><\/a><figcaption class=\"wp-caption-text\">Francis sur la platine Heidelberg<\/figcaption><\/figure>\n<p>Nos boulangers ont travaill\u00e9 tout le week-end pour pr\u00e9parer des pains de campagne, des brioches et du pain au cidre et aux pommes :<\/p>\n<figure style=\"width: 500px\" class=\"wp-caption aligncenter\"><a title=\"Enfournage des brioches de zigazou76, sur Flickr\" href=\"http:\/\/www.flickr.com\/photos\/zigazou76\/6413816929\/\"><img loading=\"lazy\" decoding=\"async\" title=\"Enfournage des brioches\" src=\"http:\/\/farm7.staticflickr.com\/6117\/6413816929_8d19c986d8.jpg\" alt=\"Enfournage des brioches\" width=\"500\" height=\"333\" \/><\/a><figcaption class=\"wp-caption-text\">Enfournage des brioches<\/figcaption><\/figure>\n<p>Carole Leroy exposait dans la salle des sculptures ses cr\u00e9ations :<\/p>\n<figure style=\"width: 333px\" class=\"wp-caption aligncenter\"><a title=\"Sculptures de Carole Leroy de zigazou76, sur Flickr\" href=\"http:\/\/www.flickr.com\/photos\/zigazou76\/6413764925\/\"><img loading=\"lazy\" decoding=\"async\" title=\"Sculptures de Carole Leroy\" src=\"http:\/\/farm8.staticflickr.com\/7144\/6413764925_3ac728f819.jpg\" alt=\"Sculptures de Carole Leroy\" width=\"333\" height=\"500\" \/><\/a><figcaption class=\"wp-caption-text\">Sculptures de Carole Leroy<\/figcaption><\/figure>\n<p>Comme chaque ann\u00e9e, la Saint-\u00c9loi cl\u00f4t l\u2019ann\u00e9e pour le Centre d\u2019Histoire Sociale car c\u2019est la tr\u00eave hivernale qui va de d\u00e9cembre jusqu\u2019\u00e0 fin f\u00e9vrier. Nous vous souhaitons une bonne fin d\u2019ann\u00e9e 2011 et de bonnes f\u00eates.<\/p>\n<figure style=\"width: 333px\" class=\"wp-caption aligncenter\"><a title=\"Le Robec de zigazou76, sur Flickr\" href=\"http:\/\/www.flickr.com\/photos\/zigazou76\/6413889511\/\"><img loading=\"lazy\" decoding=\"async\" title=\"Le Robec\" src=\"http:\/\/farm8.staticflickr.com\/7009\/6413889511_450a457fa1.jpg\" alt=\"Le Robec\" width=\"333\" height=\"500\" \/><\/a><figcaption class=\"wp-caption-text\">Le Robec<\/figcaption><\/figure>\n","protected":false},"excerpt":{"rendered":"<p>Et voil\u00e0 ! Le week-end est d\u00e9j\u00e0 fini, la Saint-\u00c9loi a ferm\u00e9 ses portes ce dimanche soir apr\u00e8s deux jours d\u2019affluence, de visiteurs passionn\u00e9s, de d\u00e9monstration, de rencontres, d\u2019expositions\u2026 Le Centre d\u2019Histoire Sociale tient \u00e0 remercier : les b\u00e9n\u00e9voles qui ont anim\u00e9 la manifestation, accueilli les visiteurs et assur\u00e9 l\u2019am\u00e9nagement du moulin Saint-Gilles, les exposants &hellip; <a href=\"https:\/\/expotec103.fr\/index.php\/2011\/11\/27\/dimanche-de-la-saint-eloi-2011\/\" class=\"more-link\">Continuer la lecture de <span class=\"screen-reader-text\">Dimanche de la Saint-\u00c9loi 2011<\/span><\/a><\/p>\n","protected":false},"author":1,"featured_media":0,"comment_status":"closed","ping_status":"closed","sticky":false,"template":"","format":"standard","meta":{"footnotes":""},"categories":[8,21],"tags":[143,153,207,290],"_links":{"self":[{"href":"https:\/\/expotec103.fr\/index.php\/wp-json\/wp\/v2\/posts\/790"}],"collection":[{"href":"https:\/\/expotec103.fr\/index.php\/wp-json\/wp\/v2\/posts"}],"about":[{"href":"https:\/\/expotec103.fr\/index.php\/wp-json\/wp\/v2\/types\/post"}],"author":[{"embeddable":true,"href":"https:\/\/expotec103.fr\/index.php\/wp-json\/wp\/v2\/users\/1"}],"replies":[{"embeddable":true,"href":"https:\/\/expotec103.fr\/index.php\/wp-json\/wp\/v2\/comments?post=790"}],"version-history":[{"count":0,"href":"https:\/\/expotec103.fr\/index.php\/wp-json\/wp\/v2\/posts\/790\/revisions"}],"wp:attachment":[{"href":"https:\/\/expotec103.fr\/index.php\/wp-json\/wp\/v2\/media?parent=790"}],"wp:term":[{"taxonomy":"category","embeddable":true,"href":"https:\/\/expotec103.fr\/index.php\/wp-json\/wp\/v2\/categories?post=790"},{"taxonomy":"post_tag","embeddable":true,"href":"https:\/\/expotec103.fr\/index.php\/wp-json\/wp\/v2\/tags?post=790"}],"curies":[{"name":"wp","href":"https:\/\/api.w.org\/{rel}","templated":true}]}}