{"id":798,"date":"2011-12-27T08:28:00","date_gmt":"2011-12-27T07:28:00","guid":{"rendered":"http:\/\/www.expotec103.com\/?p=798"},"modified":"2011-12-27T08:28:00","modified_gmt":"2011-12-27T07:28:00","slug":"demontage-de-la-plate-forme","status":"publish","type":"post","link":"https:\/\/expotec103.fr\/index.php\/2011\/12\/27\/demontage-de-la-plate-forme\/","title":{"rendered":"D\u00e9montage de la plate-forme"},"content":{"rendered":"<p>La p\u00e9riode hivernale est l\u2019occasion de gros travaux au moulin Saint-Gilles. Les b\u00e9n\u00e9voles se sont par exemple attel\u00e9s au d\u00e9montage de la plate-forme de la salle des machines-outils dans le but de remettre l\u2019espace de plain-pied.<\/p>\n<p><a title=\"Le reste des photos du d\u00e9montage\" href=\"http:\/\/www.flickr.com\/photos\/zigazou76\/sets\/72157628502581857\/\">Le reste des photos du d\u00e9montage<\/a><\/p>\n<figure style=\"width: 500px\" class=\"wp-caption aligncenter\"><a title=\"D\u00e9montage de la plateforme de zigazou76, sur Flickr\" href=\"http:\/\/www.flickr.com\/photos\/zigazou76\/6545495365\/\"><img loading=\"lazy\" decoding=\"async\" title=\"D\u00e9montage de la plateforme\" src=\"http:\/\/farm8.staticflickr.com\/7034\/6545495365_744ffae12b.jpg\" alt=\"D\u00e9montage de la plateforme\" width=\"500\" height=\"332\" \/><\/a><figcaption class=\"wp-caption-text\">D\u00e9montage de la plateforme<\/figcaption><\/figure>\n<figure style=\"width: 333px\" class=\"wp-caption aligncenter\"><a title=\"D\u00e9montage de la plateforme de zigazou76, sur Flickr\" href=\"http:\/\/www.flickr.com\/photos\/zigazou76\/6545431897\/\"><img loading=\"lazy\" decoding=\"async\" title=\"Recyclage des lattes\" src=\"http:\/\/farm8.staticflickr.com\/7035\/6545431897_3e371929ed.jpg\" alt=\"Recyclage des lattes\" width=\"333\" height=\"500\" \/><\/a><figcaption class=\"wp-caption-text\">Recyclage des lattes<\/figcaption><\/figure>\n<figure style=\"width: 332px\" class=\"wp-caption aligncenter\"><a title=\"D\u00e9montage de la plateforme de zigazou76, sur Flickr\" href=\"http:\/\/www.flickr.com\/photos\/zigazou76\/6545425835\/\"><img loading=\"lazy\" decoding=\"async\" title=\"D\u00e9montage de la plateforme\" src=\"http:\/\/farm8.staticflickr.com\/7162\/6545425835_356af80d1b.jpg\" alt=\"D\u00e9montage de la plateforme\" width=\"332\" height=\"500\" \/><\/a><figcaption class=\"wp-caption-text\">D\u00e9montage de la plateforme<\/figcaption><\/figure>\n","protected":false},"excerpt":{"rendered":"<p>La p\u00e9riode hivernale est l\u2019occasion de gros travaux au moulin Saint-Gilles. Les b\u00e9n\u00e9voles se sont par exemple attel\u00e9s au d\u00e9montage de la plate-forme de la salle des machines-outils dans le but de remettre l\u2019espace de plain-pied. Le reste des photos du d\u00e9montage<\/p>\n","protected":false},"author":1,"featured_media":0,"comment_status":"closed","ping_status":"closed","sticky":false,"template":"","format":"standard","meta":{"footnotes":""},"categories":[2],"tags":[],"_links":{"self":[{"href":"https:\/\/expotec103.fr\/index.php\/wp-json\/wp\/v2\/posts\/798"}],"collection":[{"href":"https:\/\/expotec103.fr\/index.php\/wp-json\/wp\/v2\/posts"}],"about":[{"href":"https:\/\/expotec103.fr\/index.php\/wp-json\/wp\/v2\/types\/post"}],"author":[{"embeddable":true,"href":"https:\/\/expotec103.fr\/index.php\/wp-json\/wp\/v2\/users\/1"}],"replies":[{"embeddable":true,"href":"https:\/\/expotec103.fr\/index.php\/wp-json\/wp\/v2\/comments?post=798"}],"version-history":[{"count":0,"href":"https:\/\/expotec103.fr\/index.php\/wp-json\/wp\/v2\/posts\/798\/revisions"}],"wp:attachment":[{"href":"https:\/\/expotec103.fr\/index.php\/wp-json\/wp\/v2\/media?parent=798"}],"wp:term":[{"taxonomy":"category","embeddable":true,"href":"https:\/\/expotec103.fr\/index.php\/wp-json\/wp\/v2\/categories?post=798"},{"taxonomy":"post_tag","embeddable":true,"href":"https:\/\/expotec103.fr\/index.php\/wp-json\/wp\/v2\/tags?post=798"}],"curies":[{"name":"wp","href":"https:\/\/api.w.org\/{rel}","templated":true}]}}