{"id":859,"date":"2012-04-10T06:22:28","date_gmt":"2012-04-10T05:22:28","guid":{"rendered":"http:\/\/www.expotec103.com\/?p=859"},"modified":"2012-04-10T06:22:28","modified_gmt":"2012-04-10T05:22:28","slug":"saint-jean-porte-latine-2012","status":"publish","type":"post","link":"https:\/\/expotec103.fr\/index.php\/2012\/04\/10\/saint-jean-porte-latine-2012\/","title":{"rendered":"Saint-Jean Porte-Latine 2012"},"content":{"rendered":"<p>Samedi 14 et dimanche 15 avril, de 10h \u00e0 17h, le Centre d\u2019Histoire Sociale organise la Saint-Jean Porte-Latine, la f\u00eate des imprimeurs, au moulin Saint-Gilles \u00e0 Rouen.<\/p>\n<p>Un graveur a r\u00e9alis\u00e9 une gravure sp\u00e9cialement pour cette \u00e9dition 2012. L\u2019occasion pour les curieux et les passionn\u00e9s d\u2019imprimerie de d\u00e9couvrir cette technique et ces outils.<\/p>\n<p>Une exposition de publicit\u00e9s vieilles d\u2019un si\u00e8cle vous permettra de replonger dans l\u2019univers des imprimeurs.<\/p>\n<p>Les enfants, petits et grands, pourront composer, encrer, presser et imprimer leur pr\u00e9nom sur une presse \u00e0 bras vieille de deux si\u00e8cles.<\/p>\n<p>Des d\u00e9monstrations de machines d\u2019imprimerie seront faites tout au long du week-end : Linotype, presse \u00e0 affiches, p\u00e9dalette Minerve, composteur, casse, etc. D\u2019autres machines seront simplement en exposition comme une presse lithographique, des massicots etc.<\/p>\n<p>Comme \u00e0 chaque manifestation \u00e0 Expotec, les machines \u00e0 vapeurs tourneront, des forgerons forgeront, un polisseur polira, un tourneur tournera, un graisseur graissera \ud83d\ude09<\/p>\n<p>Le four banal de la Pannevert sur l\u2019esplanade Jean-Pierre-Engelhard sera ouvert et proposera des boules de pain \u00e0 trois euros la pi\u00e8ce.<\/p>\n<p>Entr\u00e9e gratuite.<\/p>\n<figure style=\"width: 500px\" class=\"wp-caption aligncenter\"><a title=\"Laurent et Sylvain \u00e0 la presse \u00e0 bras de zigazou76, sur Flickr\" href=\"http:\/\/www.flickr.com\/photos\/zigazou76\/5641658758\/\"><img loading=\"lazy\" decoding=\"async\" title=\"Laurent et Sylvain \u00e0 la presse \u00e0 bras\" src=\"http:\/\/farm6.staticflickr.com\/5189\/5641658758_8607c7d8b2.jpg\" alt=\"Laurent et Sylvain \u00e0 la presse \u00e0 bras\" width=\"500\" height=\"333\" \/><\/a><figcaption class=\"wp-caption-text\">Laurent et Sylvain \u00e0 la presse \u00e0 bras<\/figcaption><\/figure>\n","protected":false},"excerpt":{"rendered":"<p>Samedi 14 et dimanche 15 avril, de 10h \u00e0 17h, le Centre d\u2019Histoire Sociale organise la Saint-Jean Porte-Latine, la f\u00eate des imprimeurs, au moulin Saint-Gilles \u00e0 Rouen. Un graveur a r\u00e9alis\u00e9 une gravure sp\u00e9cialement pour cette \u00e9dition 2012. L\u2019occasion pour les curieux et les passionn\u00e9s d\u2019imprimerie de d\u00e9couvrir cette technique et ces outils. Une exposition &hellip; <a href=\"https:\/\/expotec103.fr\/index.php\/2012\/04\/10\/saint-jean-porte-latine-2012\/\" class=\"more-link\">Continuer la lecture de <span class=\"screen-reader-text\">Saint-Jean Porte-Latine 2012<\/span><\/a><\/p>\n","protected":false},"author":1,"featured_media":0,"comment_status":"closed","ping_status":"closed","sticky":false,"template":"","format":"standard","meta":{"footnotes":""},"categories":[3],"tags":[],"_links":{"self":[{"href":"https:\/\/expotec103.fr\/index.php\/wp-json\/wp\/v2\/posts\/859"}],"collection":[{"href":"https:\/\/expotec103.fr\/index.php\/wp-json\/wp\/v2\/posts"}],"about":[{"href":"https:\/\/expotec103.fr\/index.php\/wp-json\/wp\/v2\/types\/post"}],"author":[{"embeddable":true,"href":"https:\/\/expotec103.fr\/index.php\/wp-json\/wp\/v2\/users\/1"}],"replies":[{"embeddable":true,"href":"https:\/\/expotec103.fr\/index.php\/wp-json\/wp\/v2\/comments?post=859"}],"version-history":[{"count":0,"href":"https:\/\/expotec103.fr\/index.php\/wp-json\/wp\/v2\/posts\/859\/revisions"}],"wp:attachment":[{"href":"https:\/\/expotec103.fr\/index.php\/wp-json\/wp\/v2\/media?parent=859"}],"wp:term":[{"taxonomy":"category","embeddable":true,"href":"https:\/\/expotec103.fr\/index.php\/wp-json\/wp\/v2\/categories?post=859"},{"taxonomy":"post_tag","embeddable":true,"href":"https:\/\/expotec103.fr\/index.php\/wp-json\/wp\/v2\/tags?post=859"}],"curies":[{"name":"wp","href":"https:\/\/api.w.org\/{rel}","templated":true}]}}