{"id":862,"date":"2012-04-26T20:25:20","date_gmt":"2012-04-26T19:25:20","guid":{"rendered":"http:\/\/www.expotec103.com\/?p=862"},"modified":"2012-04-26T20:25:20","modified_gmt":"2012-04-26T19:25:20","slug":"vente-de-pain-11","status":"publish","type":"post","link":"https:\/\/expotec103.fr\/index.php\/2012\/04\/26\/vente-de-pain-11\/","title":{"rendered":"Vente de pain"},"content":{"rendered":"<figure style=\"width: 213px\" class=\"wp-caption alignright\"><a title=\"\u0152ufs de zigazou76, sur Flickr\" href=\"http:\/\/www.flickr.com\/photos\/zigazou76\/7084891529\/\"><img loading=\"lazy\" decoding=\"async\" title=\"\u0152ufs pour les brioches\" src=\"http:\/\/farm8.staticflickr.com\/7074\/7084891529_63dc6b516f_n.jpg\" alt=\"\u0152ufs pour les brioches\" width=\"213\" height=\"320\" \/><\/a><figcaption class=\"wp-caption-text\">\u0152ufs pour les brioches<\/figcaption><\/figure>\n<p>Vendredi 27 avril, nos boulangers b\u00e9n\u00e9voles Alain, Claude et G\u00e9rard mettent en route le four banal de la Pannevert, esplanade Jean-Pierre-Engelhard.<\/p>\n<p>Le r\u00e9sultat de leur travail ? Des boules de pain de campagne \u00e0 partir de 16h et des brioches \u00e0 partir de 17h pour le prix de 3 \u20ac chaque.<\/p>\n<p>Le four banal de la Pannevert est un four traditionnel \u00e0 bois. Pour le chauffer on y fait br\u00fbler du bois. Une fois la temp\u00e9rature id\u00e9ale atteinte, on retire les cendres et le bois restant pour y enfourner la p\u00e2te \u00e0 pain. Lorsque les boules de pain sont cuites, le four a d\u00e9j\u00e0 perdu de la chaleur. La temp\u00e9rature est alors id\u00e9ale pour la cuisson des brioches.<\/p>\n<p>Notre pain se conserve plusieurs jours dans son sachet fourni lors de la vente.<\/p>\n","protected":false},"excerpt":{"rendered":"<p>Vendredi 27 avril, nos boulangers b\u00e9n\u00e9voles Alain, Claude et G\u00e9rard mettent en route le four banal de la Pannevert, esplanade Jean-Pierre-Engelhard. Le r\u00e9sultat de leur travail ? Des boules de pain de campagne \u00e0 partir de 16h et des brioches \u00e0 partir de 17h pour le prix de 3 \u20ac chaque. Le four banal de &hellip; <a href=\"https:\/\/expotec103.fr\/index.php\/2012\/04\/26\/vente-de-pain-11\/\" class=\"more-link\">Continuer la lecture de <span class=\"screen-reader-text\">Vente de pain<\/span><\/a><\/p>\n","protected":false},"author":1,"featured_media":0,"comment_status":"closed","ping_status":"closed","sticky":false,"template":"","format":"standard","meta":{"footnotes":""},"categories":[5],"tags":[],"_links":{"self":[{"href":"https:\/\/expotec103.fr\/index.php\/wp-json\/wp\/v2\/posts\/862"}],"collection":[{"href":"https:\/\/expotec103.fr\/index.php\/wp-json\/wp\/v2\/posts"}],"about":[{"href":"https:\/\/expotec103.fr\/index.php\/wp-json\/wp\/v2\/types\/post"}],"author":[{"embeddable":true,"href":"https:\/\/expotec103.fr\/index.php\/wp-json\/wp\/v2\/users\/1"}],"replies":[{"embeddable":true,"href":"https:\/\/expotec103.fr\/index.php\/wp-json\/wp\/v2\/comments?post=862"}],"version-history":[{"count":0,"href":"https:\/\/expotec103.fr\/index.php\/wp-json\/wp\/v2\/posts\/862\/revisions"}],"wp:attachment":[{"href":"https:\/\/expotec103.fr\/index.php\/wp-json\/wp\/v2\/media?parent=862"}],"wp:term":[{"taxonomy":"category","embeddable":true,"href":"https:\/\/expotec103.fr\/index.php\/wp-json\/wp\/v2\/categories?post=862"},{"taxonomy":"post_tag","embeddable":true,"href":"https:\/\/expotec103.fr\/index.php\/wp-json\/wp\/v2\/tags?post=862"}],"curies":[{"name":"wp","href":"https:\/\/api.w.org\/{rel}","templated":true}]}}