{"id":864,"date":"2012-05-08T08:01:39","date_gmt":"2012-05-08T07:01:39","guid":{"rendered":"http:\/\/www.expotec103.com\/?p=864"},"modified":"2012-05-08T08:01:39","modified_gmt":"2012-05-08T07:01:39","slug":"saint-honore-2012","status":"publish","type":"post","link":"https:\/\/expotec103.fr\/index.php\/2012\/05\/08\/saint-honore-2012\/","title":{"rendered":"Saint-Honor\u00e9 2012"},"content":{"rendered":"<figure style=\"width: 160px\" class=\"wp-caption alignright\"><a title=\"Pr\u00e9paration des boules de pain de zigazou76, sur Flickr\" href=\"http:\/\/www.flickr.com\/photos\/zigazou76\/6160514388\/\"><img loading=\"lazy\" decoding=\"async\" title=\"Pr\u00e9paration des boules de pain\" src=\"http:\/\/farm7.staticflickr.com\/6075\/6160514388_e54f0aaf0d_m.jpg\" alt=\"Pr\u00e9paration des boules de pain\" width=\"160\" height=\"240\" \/><\/a><figcaption class=\"wp-caption-text\">Pr\u00e9paration des boules de pain<\/figcaption><\/figure>\n<p>Samedi 12 et dimanche 13 mai, le Centre d\u2019Histoire Sociale organise la Saint-Honor\u00e9 2012, la f\u00eate des boulangers.<\/p>\n<p>Pendant deux jours, nos boulangers b\u00e9n\u00e9voles animeront le four banal de la Pannevert sur l\u2019esplanade Jean-Pierre-Engelhard (anciennement esplanade de la Pannevert). Le four de la Pannevert est un four traditionnel \u00e0 bois tel qu\u2019il en existait de nombreux dans les fermes de nos arri\u00e8res-grands-parents. Ils r\u00e9aliseront des pains et des brioches sous vos yeux et r\u00e9pondront \u00e0 vos questions sur la fabrication du pain.<\/p>\n<p>Horaires pr\u00e9vus de <strong>sortie du four<\/strong> dimanche :<\/p>\n<ul>\n<li>12h, pain,<\/li>\n<li>13h, brioches,<\/li>\n<li>17h, pain,<\/li>\n<li>18h, brioches.<\/li>\n<\/ul>\n<p>Les pains et les brioches seront vendues \u00e0 3 \u20ac la pi\u00e8ce au profit de l\u2019association.<\/p>\n<p>Durant tout le week-end, le <strong>moulin Saint-Gilles sera ouvert<\/strong> de :<\/p>\n<ul>\n<li>10h \u00e0 12h,<\/li>\n<li>14h \u00e0 17h.<\/li>\n<\/ul>\n<p>Le moulin Saint-Gilles est situ\u00e9 \u00e0 5 minutes \u00e0 pieds du four de la Pannevert sur la route des Moulins. L\u2019atelier typographique, les machines \u00e0 vapeur, la forge Mustad et son marteau-pilon, les machines-outils ou encore l\u2019atelier de polissage seront en d\u00e9monstration.<\/p>\n<p>Les visites du four de la Pannevert et du moulin Saint-Gilles sont <strong>gratuites<\/strong>.<\/p>\n<p>Pour cette \u00e9dition 2012, des vieux tracteurs seront expos\u00e9s tout autour du four sur l\u2019esplanade Jean-Pierre-Engelhard.<\/p>\n<figure style=\"width: 500px\" class=\"wp-caption aligncenter\"><a title=\"Tracteur Allgaier de zigazou76, sur Flickr\" href=\"http:\/\/www.flickr.com\/photos\/zigazou76\/6938874420\/\"><img loading=\"lazy\" decoding=\"async\" title=\"Tracteur Allgaier\" src=\"http:\/\/farm8.staticflickr.com\/7194\/6938874420_15140f2478.jpg\" alt=\"Tracteur Allgaier\" width=\"500\" height=\"333\" \/><\/a><figcaption class=\"wp-caption-text\">Tracteur Allgaier<\/figcaption><\/figure>\n<p>Pour nous rendre visite, la carte ci-dessous vous pr\u00e9sente les deux lieux de la manifestation :<\/p>\n<p>[mappress mapid=\u00a0\u00bb31&Prime;]<\/p>\n<p>Pour venir en transport en commun, utilisez la ligne T3, arr\u00eat \u00c9cole d\u2019Architecture.<\/p>\n<p style=\"text-align: center;\">\n","protected":false},"excerpt":{"rendered":"<p>Samedi 12 et dimanche 13 mai, le Centre d\u2019Histoire Sociale organise la Saint-Honor\u00e9 2012, la f\u00eate des boulangers. Pendant deux jours, nos boulangers b\u00e9n\u00e9voles animeront le four banal de la Pannevert sur l\u2019esplanade Jean-Pierre-Engelhard (anciennement esplanade de la Pannevert). Le four de la Pannevert est un four traditionnel \u00e0 bois tel qu\u2019il en existait de &hellip; <a href=\"https:\/\/expotec103.fr\/index.php\/2012\/05\/08\/saint-honore-2012\/\" class=\"more-link\">Continuer la lecture de <span class=\"screen-reader-text\">Saint-Honor\u00e9 2012<\/span><\/a><\/p>\n","protected":false},"author":1,"featured_media":0,"comment_status":"closed","ping_status":"closed","sticky":false,"template":"","format":"standard","meta":{"footnotes":""},"categories":[5,8],"tags":[],"_links":{"self":[{"href":"https:\/\/expotec103.fr\/index.php\/wp-json\/wp\/v2\/posts\/864"}],"collection":[{"href":"https:\/\/expotec103.fr\/index.php\/wp-json\/wp\/v2\/posts"}],"about":[{"href":"https:\/\/expotec103.fr\/index.php\/wp-json\/wp\/v2\/types\/post"}],"author":[{"embeddable":true,"href":"https:\/\/expotec103.fr\/index.php\/wp-json\/wp\/v2\/users\/1"}],"replies":[{"embeddable":true,"href":"https:\/\/expotec103.fr\/index.php\/wp-json\/wp\/v2\/comments?post=864"}],"version-history":[{"count":0,"href":"https:\/\/expotec103.fr\/index.php\/wp-json\/wp\/v2\/posts\/864\/revisions"}],"wp:attachment":[{"href":"https:\/\/expotec103.fr\/index.php\/wp-json\/wp\/v2\/media?parent=864"}],"wp:term":[{"taxonomy":"category","embeddable":true,"href":"https:\/\/expotec103.fr\/index.php\/wp-json\/wp\/v2\/categories?post=864"},{"taxonomy":"post_tag","embeddable":true,"href":"https:\/\/expotec103.fr\/index.php\/wp-json\/wp\/v2\/tags?post=864"}],"curies":[{"name":"wp","href":"https:\/\/api.w.org\/{rel}","templated":true}]}}