{"id":874,"date":"2012-05-13T07:29:25","date_gmt":"2012-05-13T06:29:25","guid":{"rendered":"http:\/\/www.expotec103.com\/?p=874"},"modified":"2012-05-13T07:29:25","modified_gmt":"2012-05-13T06:29:25","slug":"samedi-de-la-saint-honore-2012","status":"publish","type":"post","link":"https:\/\/expotec103.fr\/index.php\/2012\/05\/13\/samedi-de-la-saint-honore-2012\/","title":{"rendered":"Samedi de la Saint-Honor\u00e9 2012"},"content":{"rendered":"<p>Retour en photos de cette premi\u00e8re journ\u00e9e de la Saint-Honor\u00e9 2012, f\u00eate des boulangers. <a title=\"Photos de la Saint-Honor\u00e9 2012, f\u00eate des boulangers\" href=\"http:\/\/www.flickr.com\/photos\/zigazou76\/sets\/72157629697207842\/\">Le reste des photos a \u00e9t\u00e9 rassembl\u00e9 dans une galerie<\/a>.<\/p>\n<p>Dimanche, les sorties de four sont programm\u00e9es de la fa\u00e7on suivante :<\/p>\n<ul>\n<li>12h \u2192 pain,<\/li>\n<li>13 \u2192 brioches,<\/li>\n<li>17h \u2192 pain,<\/li>\n<li>18h \u2192 brioches.<\/li>\n<\/ul>\n<figure style=\"width: 333px\" class=\"wp-caption aligncenter\"><a title=\"Fin de chauffe de zigazou76, sur Flickr\" href=\"http:\/\/www.flickr.com\/photos\/zigazou76\/7183949436\/\"><img loading=\"lazy\" decoding=\"async\" title=\"Fin de chauffe du four, les braises sont sorties \u00e0 l\u2019aide d\u2019une r\u00e2cle\" src=\"http:\/\/farm8.staticflickr.com\/7098\/7183949436_baa0b3501b.jpg\" alt=\"Fin de chauffe du four, les braises sont sorties \u00e0 l\u2019aide d\u2019une r\u00e2cle\" width=\"333\" height=\"500\" \/><\/a><figcaption class=\"wp-caption-text\">Fin de chauffe du four, les braises sont sorties \u00e0 l\u2019aide d\u2019une r\u00e2cle<\/figcaption><\/figure>\n<figure style=\"width: 500px\" class=\"wp-caption aligncenter\"><a title=\"P\u00e2te \u00e0 pain pr\u00eate \u00e0 enfourner de zigazou76, sur Flickr\" href=\"http:\/\/www.flickr.com\/photos\/zigazou76\/7183953370\/\"><img loading=\"lazy\" decoding=\"async\" title=\"P\u00e2te \u00e0 pain pr\u00eate \u00e0 enfourner\" src=\"http:\/\/farm8.staticflickr.com\/7080\/7183953370_be94358c2d.jpg\" alt=\"P\u00e2te \u00e0 pain pr\u00eate \u00e0 enfourner\" width=\"500\" height=\"333\" \/><\/a><figcaption class=\"wp-caption-text\">P\u00e2te \u00e0 pain pr\u00eate \u00e0 enfourner<\/figcaption><\/figure>\n<figure style=\"width: 333px\" class=\"wp-caption aligncenter\"><a title=\"Claude enregistre les commandes de zigazou76, sur Flickr\" href=\"http:\/\/www.flickr.com\/photos\/zigazou76\/7183925682\/\"><img loading=\"lazy\" decoding=\"async\" title=\"Claude enregistre les commandes\" src=\"http:\/\/farm8.staticflickr.com\/7226\/7183925682_acb2e22da3.jpg\" alt=\"Claude enregistre les commandes\" width=\"333\" height=\"500\" \/><\/a><figcaption class=\"wp-caption-text\">Claude enregistre les commandes<\/figcaption><\/figure>\n<figure style=\"width: 500px\" class=\"wp-caption aligncenter\"><a title=\"Enfournage d\u2019une boule de pain de zigazou76, sur Flickr\" href=\"http:\/\/www.flickr.com\/photos\/zigazou76\/7183967764\/\"><img loading=\"lazy\" decoding=\"async\" title=\"Enfournage d\u2019une boule de pain\" src=\"http:\/\/farm8.staticflickr.com\/7081\/7183967764_b2c95a0851.jpg\" alt=\"Enfournage d\u2019une boule de pain\" width=\"500\" height=\"333\" \/><\/a><figcaption class=\"wp-caption-text\">Enfournage d\u2019une boule de pain<\/figcaption><\/figure>\n<figure style=\"width: 500px\" class=\"wp-caption aligncenter\"><a title=\"Dorage et sculpture des brioches de zigazou76, sur Flickr\" href=\"http:\/\/www.flickr.com\/photos\/zigazou76\/7183992120\/\"><img loading=\"lazy\" decoding=\"async\" title=\"Dorage et sculpture des brioches\" src=\"http:\/\/farm6.staticflickr.com\/5114\/7183992120_885cdfdbc1.jpg\" alt=\"Dorage et sculpture des brioches\" width=\"500\" height=\"332\" \/><\/a><figcaption class=\"wp-caption-text\">Dorage et sculpture des brioches<\/figcaption><\/figure>\n<figure style=\"width: 500px\" class=\"wp-caption aligncenter\"><a title=\"Brioches pr\u00eates \u00e0 \u00eatre enfourn\u00e9es de zigazou76, sur Flickr\" href=\"http:\/\/www.flickr.com\/photos\/zigazou76\/7183987872\/\"><img loading=\"lazy\" decoding=\"async\" title=\"M\u00eame crues, les brioches donnent l\u2019eau \u00e0 la bouche !\" src=\"http:\/\/farm8.staticflickr.com\/7243\/7183987872_901985744c.jpg\" alt=\"M\u00eame crues, les brioches donnent l\u2019eau \u00e0 la bouche !\" width=\"500\" height=\"332\" \/><\/a><figcaption class=\"wp-caption-text\">M\u00eame crues, les brioches donnent l\u2019eau \u00e0 la bouche !<\/figcaption><\/figure>\n<figure style=\"width: 500px\" class=\"wp-caption aligncenter\"><a title=\"Sortie du pain de zigazou76, sur Flickr\" href=\"http:\/\/www.flickr.com\/photos\/zigazou76\/7183995476\/\"><img loading=\"lazy\" decoding=\"async\" title=\"Sortie du pain, attention c\u2019est chaud !\" src=\"http:\/\/farm8.staticflickr.com\/7226\/7183995476_7589b46b3b.jpg\" alt=\"Sortie du pain, attention c\u2019est chaud !\" width=\"500\" height=\"332\" \/><\/a><figcaption class=\"wp-caption-text\">Sortie du pain, attention c\u2019est chaud !<\/figcaption><\/figure>\n<figure style=\"width: 333px\" class=\"wp-caption aligncenter\"><a title=\"Vente de pain de zigazou76, sur Flickr\" href=\"http:\/\/www.flickr.com\/photos\/zigazou76\/7184021894\/\"><img loading=\"lazy\" decoding=\"async\" title=\"Le pain est vendu sourire compris :-)\" src=\"http:\/\/farm8.staticflickr.com\/7216\/7184021894_4c7a3ebb30.jpg\" alt=\"Le pain est vendu sourire compris :-)\" width=\"333\" height=\"500\" \/><\/a><figcaption class=\"wp-caption-text\">Le pain est vendu sourire compris \ud83d\ude42<\/figcaption><\/figure>\n<figure style=\"width: 500px\" class=\"wp-caption aligncenter\"><a title=\"Vitrail CHS de zigazou76, sur Flickr\" href=\"http:\/\/www.flickr.com\/photos\/zigazou76\/7183915560\/\"><img loading=\"lazy\" decoding=\"async\" title=\"Rien \u00e0 voir avec le pain, mais le four a d\u00e9sormais un vitrail aux couleurs du CHS\" src=\"http:\/\/farm9.staticflickr.com\/8147\/7183915560_9c5b5f19da.jpg\" alt=\"Rien \u00e0 voir avec le pain, mais le four a d\u00e9sormais un vitrail aux couleurs du CHS\" width=\"500\" height=\"333\" \/><\/a><figcaption class=\"wp-caption-text\">Rien \u00e0 voir avec le pain, mais le four a d\u00e9sormais un vitrail aux couleurs du CHS<\/figcaption><\/figure>\n","protected":false},"excerpt":{"rendered":"<p>Retour en photos de cette premi\u00e8re journ\u00e9e de la Saint-Honor\u00e9 2012, f\u00eate des boulangers. Le reste des photos a \u00e9t\u00e9 rassembl\u00e9 dans une galerie. Dimanche, les sorties de four sont programm\u00e9es de la fa\u00e7on suivante : 12h \u2192 pain, 13 \u2192 brioches, 17h \u2192 pain, 18h \u2192 brioches.<\/p>\n","protected":false},"author":1,"featured_media":0,"comment_status":"closed","ping_status":"closed","sticky":false,"template":"","format":"standard","meta":{"footnotes":""},"categories":[5],"tags":[],"_links":{"self":[{"href":"https:\/\/expotec103.fr\/index.php\/wp-json\/wp\/v2\/posts\/874"}],"collection":[{"href":"https:\/\/expotec103.fr\/index.php\/wp-json\/wp\/v2\/posts"}],"about":[{"href":"https:\/\/expotec103.fr\/index.php\/wp-json\/wp\/v2\/types\/post"}],"author":[{"embeddable":true,"href":"https:\/\/expotec103.fr\/index.php\/wp-json\/wp\/v2\/users\/1"}],"replies":[{"embeddable":true,"href":"https:\/\/expotec103.fr\/index.php\/wp-json\/wp\/v2\/comments?post=874"}],"version-history":[{"count":0,"href":"https:\/\/expotec103.fr\/index.php\/wp-json\/wp\/v2\/posts\/874\/revisions"}],"wp:attachment":[{"href":"https:\/\/expotec103.fr\/index.php\/wp-json\/wp\/v2\/media?parent=874"}],"wp:term":[{"taxonomy":"category","embeddable":true,"href":"https:\/\/expotec103.fr\/index.php\/wp-json\/wp\/v2\/categories?post=874"},{"taxonomy":"post_tag","embeddable":true,"href":"https:\/\/expotec103.fr\/index.php\/wp-json\/wp\/v2\/tags?post=874"}],"curies":[{"name":"wp","href":"https:\/\/api.w.org\/{rel}","templated":true}]}}