{"id":924,"date":"2012-11-28T23:19:36","date_gmt":"2012-11-28T22:19:36","guid":{"rendered":"http:\/\/www.expotec103.com\/?p=924"},"modified":"2012-11-28T23:19:36","modified_gmt":"2012-11-28T22:19:36","slug":"retour-en-photos-de-la-saint-eloi-2012","status":"publish","type":"post","link":"https:\/\/expotec103.fr\/index.php\/2012\/11\/28\/retour-en-photos-de-la-saint-eloi-2012\/","title":{"rendered":"Retour en photos de la Saint-\u00c9loi 2012"},"content":{"rendered":"<p>Samedi 24 et dimanche 25 novembre, le Centre d\u2019Histoire Sociale organisait la Saint-\u00c9loi 2012, f\u00eate des forgerons et des couteliers.<\/p>\n<p>Deux billets sont consacr\u00e9s au travail de l\u2019invit\u00e9 d\u2019honneur, Jean-Pierre Veysseyre, lors de son passage en nos murs :<\/p>\n<ul>\n<li><a href=\"http:\/\/www.expotec103.com\/2012\/11\/realisation-d%E2%80%99un-acier-damasse\/\">R\u00e9alisation d\u2019un acier damass\u00e9 (1)<\/a>,<\/li>\n<li><a href=\"http:\/\/www.expotec103.com\/2012\/11\/realisation-d%E2%80%99un-acier-damasse-2\/\">R\u00e9alisation d\u2019un acier damass\u00e9 (2)<\/a>.<\/li>\n<\/ul>\n<p>Et maintenant, les photos !<\/p>\n<figure style=\"width: 500px\" class=\"wp-caption aligncenter\"><a title=\"Greffoirs de zigazou76, sur Flickr\" href=\"http:\/\/www.flickr.com\/photos\/zigazou76\/8225522270\/\"><img loading=\"lazy\" decoding=\"async\" title=\"Greffoirs\" src=\"http:\/\/farm9.staticflickr.com\/8061\/8225522270_c5214abd99.jpg\" alt=\"Greffoirs\" width=\"500\" height=\"332\" \/><\/a><figcaption class=\"wp-caption-text\">L\u2019exposition de couteaux par Pierre-Yves Javel et Lucien P\u00e9rone portait sur la vigne.<\/figcaption><\/figure>\n<figure style=\"width: 332px\" class=\"wp-caption aligncenter\"><a title=\"Jean-Pierre Veysseyre, Pierre-Yves Javel et Lucien P\u00e9rone de zigazou76, sur Flickr\" href=\"http:\/\/www.flickr.com\/photos\/zigazou76\/8225502596\/\"><img loading=\"lazy\" decoding=\"async\" title=\"Jean-Pierre Veysseyre, Pierre-Yves Javel et Lucien P\u00e9rone\" src=\"http:\/\/farm9.staticflickr.com\/8338\/8225502596_143be81b33.jpg\" alt=\"Jean-Pierre Veysseyre, Pierre-Yves Javel et Lucien P\u00e9rone\" width=\"332\" height=\"500\" \/><\/a><figcaption class=\"wp-caption-text\">Jean-Pierre Veysseyre, Pierre-Yves Javel et Lucien P\u00e9rone.<\/figcaption><\/figure>\n<figure style=\"width: 500px\" class=\"wp-caption aligncenter\"><a title=\"Vigne par Joseph de zigazou76, sur Flickr\" href=\"http:\/\/www.flickr.com\/photos\/zigazou76\/8224427293\/\"><img loading=\"lazy\" decoding=\"async\" title=\"Vigne par Joseph\" src=\"http:\/\/farm9.staticflickr.com\/8488\/8224427293_21d75ef44b.jpg\" alt=\"Vigne par Joseph\" width=\"500\" height=\"332\" \/><\/a><figcaption class=\"wp-caption-text\">Joseph faisait partie des artistes pr\u00e9sents et faisait \u00e9cho \u00e0 l\u2019exposition de couteaux avec une sculpture de vigne en fer forg\u00e9.<\/figcaption><\/figure>\n<figure style=\"width: 333px\" class=\"wp-caption aligncenter\"><a title=\"Ludovic Delesque de zigazou76, sur Flickr\" href=\"http:\/\/www.flickr.com\/photos\/zigazou76\/8224408929\/\"><img loading=\"lazy\" decoding=\"async\" title=\"Ludovic Delesque\" src=\"http:\/\/farm9.staticflickr.com\/8066\/8224408929_a047d9ab77.jpg\" alt=\"Ludovic Delesque\" width=\"333\" height=\"500\" \/><\/a><figcaption class=\"wp-caption-text\">Ludovic Delesque, Conseiller G\u00e9n\u00e9ral de Seine-Maritime et Conseiller Municipal de Rouen, a inaugur\u00e9 la manifestation le vendredi soir.<\/figcaption><\/figure>\n<figure style=\"width: 500px\" class=\"wp-caption aligncenter\"><a title=\"Yvon Robert de zigazou76, sur Flickr\" href=\"http:\/\/www.flickr.com\/photos\/zigazou76\/8224264313\/\"><img loading=\"lazy\" decoding=\"async\" title=\"Yvon Robert\" src=\"http:\/\/farm9.staticflickr.com\/8346\/8224264313_ecf1a78486.jpg\" alt=\"Yvon Robert\" width=\"500\" height=\"333\" \/><\/a><figcaption class=\"wp-caption-text\">Yvon Robert, Maire de Rouen, a visit\u00e9 la manifestation le dimanche.<\/figcaption><\/figure>\n<figure style=\"width: 333px\" class=\"wp-caption aligncenter\"><a title=\"Jos\u00e9 Torres et son \u00e2ne de zigazou76, sur Flickr\" href=\"http:\/\/www.flickr.com\/photos\/zigazou76\/8225478408\/\"><img loading=\"lazy\" decoding=\"async\" title=\"Jos\u00e9 Torres et son \u00e2ne\" src=\"http:\/\/farm9.staticflickr.com\/8069\/8225478408_4403a1d37a.jpg\" alt=\"Jos\u00e9 Torres et son \u00e2ne\" width=\"333\" height=\"500\" \/><\/a><figcaption class=\"wp-caption-text\">Jos\u00e9 Torres a pr\u00e9sent\u00e9 plusieurs de ses sculptures. \u00c0 c\u00f4t\u00e9 de son \u00e2ne sur cette photo.<\/figcaption><\/figure>\n<figure style=\"width: 333px\" class=\"wp-caption aligncenter\"><a title=\"PPZ \u00e0 la forge de zigazou76, sur Flickr\" href=\"http:\/\/www.flickr.com\/photos\/zigazou76\/8225451192\/\"><img loading=\"lazy\" decoding=\"async\" title=\"PPZ \u00e0 la forge\" src=\"http:\/\/farm9.staticflickr.com\/8339\/8225451192_f9736d35ee.jpg\" alt=\"PPZ \u00e0 la forge\" width=\"333\" height=\"500\" \/><\/a><figcaption class=\"wp-caption-text\">PPZ pr\u00e9sentait quelques-uns de ses couteaux et effectuait des d\u00e9monstrations de forge.<\/figcaption><\/figure>\n<figure style=\"width: 500px\" class=\"wp-caption aligncenter\"><a title=\"Michel Abdou de zigazou76, sur Flickr\" href=\"http:\/\/www.flickr.com\/photos\/zigazou76\/8224380981\/\"><img loading=\"lazy\" decoding=\"async\" title=\"Michel Abdou\" src=\"http:\/\/farm9.staticflickr.com\/8207\/8224380981_500b6fc734.jpg\" alt=\"Michel Abdou\" width=\"500\" height=\"332\" \/><\/a><figcaption class=\"wp-caption-text\">Michel Abdou a peint plusieurs tableaux pendant le week-end dont la machine \u00e0 vapeur Dujardin Marine et la forge Mustad.<\/figcaption><\/figure>\n<figure style=\"width: 500px\" class=\"wp-caption aligncenter\"><a title=\"Photos de L\u00e9a de zigazou76, sur Flickr\" href=\"http:\/\/www.flickr.com\/photos\/zigazou76\/8224279615\/\"><img loading=\"lazy\" decoding=\"async\" title=\"Photos de L\u00e9a\" src=\"http:\/\/farm9.staticflickr.com\/8207\/8224279615_396ac10286.jpg\" alt=\"Photos de L\u00e9a\" width=\"500\" height=\"333\" \/><\/a><figcaption class=\"wp-caption-text\">L\u00e9a, photographe rouennaise, pr\u00e9sentait son travail sur le m\u00e9tal.<\/figcaption><\/figure>\n<figure style=\"width: 332px\" class=\"wp-caption aligncenter\"><a title=\"Germanico Velastegui de zigazou76, sur Flickr\" href=\"http:\/\/www.flickr.com\/photos\/zigazou76\/8224364321\/\"><img loading=\"lazy\" decoding=\"async\" title=\"Germanico Velastegui\" src=\"http:\/\/farm9.staticflickr.com\/8206\/8224364321_1513323a70.jpg\" alt=\"Germanico Velastegui\" width=\"332\" height=\"500\" \/><\/a><figcaption class=\"wp-caption-text\">Germanico Velastegui r\u00e9alisait une linogravure<\/figcaption><\/figure>\n<figure style=\"width: 333px\" class=\"wp-caption aligncenter\"><a title=\"Sculpture de Simon Bertin de zigazou76, sur Flickr\" href=\"http:\/\/www.flickr.com\/photos\/zigazou76\/8224356339\/\"><img loading=\"lazy\" decoding=\"async\" title=\"Sculpture de Simon Bertin\" src=\"http:\/\/farm9.staticflickr.com\/8342\/8224356339_632c83fb2e.jpg\" alt=\"Sculpture de Simon Bertin\" width=\"333\" height=\"500\" \/><\/a><figcaption class=\"wp-caption-text\">Simon Bertin exposait plusieurs de ses sculptures.<\/figcaption><\/figure>\n<figure style=\"width: 333px\" class=\"wp-caption aligncenter\"><a title=\"Marc Tiret de zigazou76, sur Flickr\" href=\"http:\/\/www.flickr.com\/photos\/zigazou76\/8225413634\/\"><img loading=\"lazy\" decoding=\"async\" title=\"Marc Tiret\" src=\"http:\/\/farm9.staticflickr.com\/8060\/8225413634_5e98332ec6.jpg\" alt=\"Marc Tiret\" width=\"333\" height=\"500\" \/><\/a><figcaption class=\"wp-caption-text\">Marc Tiret secondait Jean-Pierre Veysseyre et r\u00e9alisait des couteaux d\u00e9coratifs.<\/figcaption><\/figure>\n<figure style=\"width: 500px\" class=\"wp-caption aligncenter\"><a title=\"Francis de zigazou76, sur Flickr\" href=\"http:\/\/www.flickr.com\/photos\/zigazou76\/8224328061\/\"><img loading=\"lazy\" decoding=\"async\" title=\"Francis\" src=\"http:\/\/farm9.staticflickr.com\/8343\/8224328061_f9ef1c0d20.jpg\" alt=\"Francis\" width=\"500\" height=\"333\" \/><\/a><figcaption class=\"wp-caption-text\">Francis faisait d\u00e9couvrir la typographie aux plus jeunes comme aux adultes.<\/figcaption><\/figure>\n<figure style=\"width: 500px\" class=\"wp-caption aligncenter\"><a title=\"Daniel de zigazou76, sur Flickr\" href=\"http:\/\/www.flickr.com\/photos\/zigazou76\/8225397412\/\"><img loading=\"lazy\" decoding=\"async\" title=\"Daniel\" src=\"http:\/\/farm9.staticflickr.com\/8483\/8225397412_e1d28b039f.jpg\" alt=\"Daniel\" width=\"500\" height=\"333\" \/><\/a><figcaption class=\"wp-caption-text\">Daniel pr\u00e9parait les machines-outils pour des d\u00e9monstrations.<\/figcaption><\/figure>\n<figure style=\"width: 333px\" class=\"wp-caption aligncenter\"><a title=\"Jean-Pierre de zigazou76, sur Flickr\" href=\"http:\/\/www.flickr.com\/photos\/zigazou76\/8224322807\/\"><img loading=\"lazy\" decoding=\"async\" title=\"Jean-Pierre\" src=\"http:\/\/farm9.staticflickr.com\/8490\/8224322807_f1f2f90d7f.jpg\" alt=\"Jean-Pierre\" width=\"333\" height=\"500\" \/><\/a><figcaption class=\"wp-caption-text\">Jean-Pierre transformait des pi\u00e8ces ternes en pi\u00e8ces brillantes avec son tour \u00e0 polir.<\/figcaption><\/figure>\n<figure style=\"width: 500px\" class=\"wp-caption aligncenter\"><a title=\"Mich\u00e8le Pellet de zigazou76, sur Flickr\" href=\"http:\/\/www.flickr.com\/photos\/zigazou76\/8225389280\/\"><img loading=\"lazy\" decoding=\"async\" title=\"Mich\u00e8le Pellet\" src=\"http:\/\/farm9.staticflickr.com\/8477\/8225389280_e5c1b83b2a.jpg\" alt=\"Mich\u00e8le Pellet\" width=\"500\" height=\"333\" \/><\/a><figcaption class=\"wp-caption-text\">Mich\u00e8le Pellet pr\u00e9sentait sa collection de livres sur la ferronnerie.<\/figcaption><\/figure>\n<figure style=\"width: 500px\" class=\"wp-caption aligncenter\"><a title=\"Christophe Granger de zigazou76, sur Flickr\" href=\"http:\/\/www.flickr.com\/photos\/zigazou76\/8224303777\/\"><img loading=\"lazy\" decoding=\"async\" title=\"Christophe Granger\" src=\"http:\/\/farm9.staticflickr.com\/8481\/8224303777_6e153be64f.jpg\" alt=\"Christophe Granger\" width=\"500\" height=\"333\" \/><\/a><figcaption class=\"wp-caption-text\">Christophe Granger, coutelier, pr\u00e9sentait ses couteaux.<\/figcaption><\/figure>\n<figure style=\"width: 500px\" class=\"wp-caption aligncenter\"><a title=\"Christian de zigazou76, sur Flickr\" href=\"http:\/\/www.flickr.com\/photos\/zigazou76\/8224299287\/\"><img loading=\"lazy\" decoding=\"async\" title=\"Christian\" src=\"http:\/\/farm9.staticflickr.com\/8343\/8224299287_478cd238d0.jpg\" alt=\"Christian\" width=\"500\" height=\"333\" \/><\/a><figcaption class=\"wp-caption-text\">Christian enseignait les secrets des machines \u00e0 vapeur aux visiteurs.<\/figcaption><\/figure>\n<figure style=\"width: 500px\" class=\"wp-caption aligncenter\"><a title=\"Laurent de zigazou76, sur Flickr\" href=\"http:\/\/www.flickr.com\/photos\/zigazou76\/8224292493\/\"><img loading=\"lazy\" decoding=\"async\" title=\"Laurent\" src=\"http:\/\/farm9.staticflickr.com\/8068\/8224292493_8e55be305c.jpg\" alt=\"Laurent\" width=\"500\" height=\"332\" \/><\/a><figcaption class=\"wp-caption-text\">Laurent effectuait des d\u00e9monstrations d\u2019\u00e9tau-limeur.<\/figcaption><\/figure>\n<figure style=\"width: 500px\" class=\"wp-caption aligncenter\"><a title=\"Daniel de zigazou76, sur Flickr\" href=\"http:\/\/www.flickr.com\/photos\/zigazou76\/8225362282\/\"><img loading=\"lazy\" decoding=\"async\" title=\"Daniel\" src=\"http:\/\/farm9.staticflickr.com\/8197\/8225362282_053e53ec7d.jpg\" alt=\"Daniel\" width=\"500\" height=\"333\" \/><\/a><figcaption class=\"wp-caption-text\">Daniel pr\u00e9sentait un pantographe.<\/figcaption><\/figure>\n<figure style=\"width: 500px\" class=\"wp-caption aligncenter\"><a title=\"Th\u00e9i\u00e8re apr\u00e8s restauration de zigazou76, sur Flickr\" href=\"http:\/\/www.flickr.com\/photos\/zigazou76\/8225350124\/\"><img loading=\"lazy\" decoding=\"async\" title=\"Th\u00e9i\u00e8re apr\u00e8s restauration\" src=\"http:\/\/farm9.staticflickr.com\/8486\/8225350124_b81d11bdf8.jpg\" alt=\"Th\u00e9i\u00e8re apr\u00e8s restauration\" width=\"500\" height=\"333\" \/><\/a><figcaption class=\"wp-caption-text\">Le magasin l\u2019Argenteur exposait quelques pi\u00e8ces dont une th\u00e9i\u00e8re restaur\u00e9e.<\/figcaption><\/figure>\n<figure style=\"width: 500px\" class=\"wp-caption aligncenter\"><a title=\"Autour de la forge Mustad de zigazou76, sur Flickr\" href=\"http:\/\/www.flickr.com\/photos\/zigazou76\/8224250915\/\"><img loading=\"lazy\" decoding=\"async\" title=\"Autour de la forge Mustad\" src=\"http:\/\/farm9.staticflickr.com\/8484\/8224250915_12e3fbf382.jpg\" alt=\"Autour de la forge Mustad\" width=\"500\" height=\"332\" \/><\/a><figcaption class=\"wp-caption-text\">Autour de la forge Mustad<\/figcaption><\/figure>\n<p>D\u2019autres photos :<\/p>\n<ul>\n<li><a href=\"http:\/\/www.flickr.com\/photos\/zigazou76\/sets\/72157632118806076\/\">Galerie photos de la Saint-\u00c9loi 2012<\/a>,<\/li>\n<li><a href=\"http:\/\/www.flickr.com\/photos\/zigazou76\/sets\/72157632118203896\/\">R\u00e9alisation d\u2019un acier damass\u00e9 par Jean-Pierre Veysseyre<\/a>.<\/li>\n<\/ul>\n<p>Des liens vers les artistes et exposants de cette \u00e9dition :<\/p>\n<ul>\n<li><a title=\"Site officiel de Jean-Pierre Veysseyre\" href=\"http:\/\/escoutoux.net\/Forgeron\">Jean-Pierre Veysseyre, coutelier d\u2019art<\/a>,<\/li>\n<li><a title=\"Site officiel de Marc Tiret\" href=\"http:\/\/www.marctiret.com\/\">Marc Tiret, artiste sculpteur sur fer forg\u00e9<\/a>,<\/li>\n<li><a title=\"Site officiel du magasin L\u2019Argenteur \u00e0 Rouen\" href=\"http:\/\/www.largenteur-rouen.com\">L\u2019Argenteur, Sandra Montinari<\/a>,<\/li>\n<li><a title=\"Site officiel de PPZ\" href=\"http:\/\/www.ppzforge.fr\/\">PPZ, forge, coutellerie, ferronerie<\/a>,<\/li>\n<li><a title=\"Site officiel de Christophe Granger\" href=\"http:\/\/www.coutellerie-granger.com\">Christophe Granger, coutelier, designer, cr\u00e9ateur<\/a>,<\/li>\n<li><a title=\"Page Facebook de L\u00e9a Rouen\" href=\"https:\/\/www.facebook.com\/lea.rouen.5\">L\u00e9a, photographe rouennaise<\/a>.<\/li>\n<\/ul>\n<ul><\/ul>\n","protected":false},"excerpt":{"rendered":"<p>Samedi 24 et dimanche 25 novembre, le Centre d\u2019Histoire Sociale organisait la Saint-\u00c9loi 2012, f\u00eate des forgerons et des couteliers. Deux billets sont consacr\u00e9s au travail de l\u2019invit\u00e9 d\u2019honneur, Jean-Pierre Veysseyre, lors de son passage en nos murs : R\u00e9alisation d\u2019un acier damass\u00e9 (1), R\u00e9alisation d\u2019un acier damass\u00e9 (2). Et maintenant, les photos ! D\u2019autres &hellip; <a href=\"https:\/\/expotec103.fr\/index.php\/2012\/11\/28\/retour-en-photos-de-la-saint-eloi-2012\/\" class=\"more-link\">Continuer la lecture de <span class=\"screen-reader-text\">Retour en photos de la Saint-\u00c9loi 2012<\/span><\/a><\/p>\n","protected":false},"author":1,"featured_media":0,"comment_status":"closed","ping_status":"closed","sticky":false,"template":"","format":"standard","meta":{"footnotes":""},"categories":[8,21],"tags":[],"_links":{"self":[{"href":"https:\/\/expotec103.fr\/index.php\/wp-json\/wp\/v2\/posts\/924"}],"collection":[{"href":"https:\/\/expotec103.fr\/index.php\/wp-json\/wp\/v2\/posts"}],"about":[{"href":"https:\/\/expotec103.fr\/index.php\/wp-json\/wp\/v2\/types\/post"}],"author":[{"embeddable":true,"href":"https:\/\/expotec103.fr\/index.php\/wp-json\/wp\/v2\/users\/1"}],"replies":[{"embeddable":true,"href":"https:\/\/expotec103.fr\/index.php\/wp-json\/wp\/v2\/comments?post=924"}],"version-history":[{"count":0,"href":"https:\/\/expotec103.fr\/index.php\/wp-json\/wp\/v2\/posts\/924\/revisions"}],"wp:attachment":[{"href":"https:\/\/expotec103.fr\/index.php\/wp-json\/wp\/v2\/media?parent=924"}],"wp:term":[{"taxonomy":"category","embeddable":true,"href":"https:\/\/expotec103.fr\/index.php\/wp-json\/wp\/v2\/categories?post=924"},{"taxonomy":"post_tag","embeddable":true,"href":"https:\/\/expotec103.fr\/index.php\/wp-json\/wp\/v2\/tags?post=924"}],"curies":[{"name":"wp","href":"https:\/\/api.w.org\/{rel}","templated":true}]}}