{"id":927,"date":"2013-03-01T07:47:29","date_gmt":"2013-03-01T06:47:29","guid":{"rendered":"http:\/\/www.expotec103.com\/?p=927"},"modified":"2013-03-01T07:47:29","modified_gmt":"2013-03-01T06:47:29","slug":"reouverture","status":"publish","type":"post","link":"https:\/\/expotec103.fr\/index.php\/2013\/03\/01\/reouverture\/","title":{"rendered":"R\u00e9ouverture"},"content":{"rendered":"<p>Le Centre d\u2019Histoire Sociale devait rouvrir les portes du moulin Saint-Gilles le week-end du 2 et 3 mars 2013.<\/p>\n<p>Le froid persistant en ce d\u00e9but de mars, <strong>la r\u00e9ouverture est report\u00e9e au dimanche 17 mars 2013<\/strong>.<\/p>\n<p>Les fourn\u00e9es de pain subissent le m\u00eame sort et d\u00e9buteront cette ann\u00e9e le vendredi 15 mars 2013.<\/p>\n<p>Nous vous remercions de votre compr\u00e9hension.<\/p>\n","protected":false},"excerpt":{"rendered":"<p>Le Centre d\u2019Histoire Sociale devait rouvrir les portes du moulin Saint-Gilles le week-end du 2 et 3 mars 2013. Le froid persistant en ce d\u00e9but de mars, la r\u00e9ouverture est report\u00e9e au dimanche 17 mars 2013. Les fourn\u00e9es de pain subissent le m\u00eame sort et d\u00e9buteront cette ann\u00e9e le vendredi 15 mars 2013. Nous vous &hellip; <a href=\"https:\/\/expotec103.fr\/index.php\/2013\/03\/01\/reouverture\/\" class=\"more-link\">Continuer la lecture de <span class=\"screen-reader-text\">R\u00e9ouverture<\/span><\/a><\/p>\n","protected":false},"author":1,"featured_media":0,"comment_status":"closed","ping_status":"closed","sticky":false,"template":"","format":"standard","meta":{"footnotes":""},"categories":[3],"tags":[],"_links":{"self":[{"href":"https:\/\/expotec103.fr\/index.php\/wp-json\/wp\/v2\/posts\/927"}],"collection":[{"href":"https:\/\/expotec103.fr\/index.php\/wp-json\/wp\/v2\/posts"}],"about":[{"href":"https:\/\/expotec103.fr\/index.php\/wp-json\/wp\/v2\/types\/post"}],"author":[{"embeddable":true,"href":"https:\/\/expotec103.fr\/index.php\/wp-json\/wp\/v2\/users\/1"}],"replies":[{"embeddable":true,"href":"https:\/\/expotec103.fr\/index.php\/wp-json\/wp\/v2\/comments?post=927"}],"version-history":[{"count":0,"href":"https:\/\/expotec103.fr\/index.php\/wp-json\/wp\/v2\/posts\/927\/revisions"}],"wp:attachment":[{"href":"https:\/\/expotec103.fr\/index.php\/wp-json\/wp\/v2\/media?parent=927"}],"wp:term":[{"taxonomy":"category","embeddable":true,"href":"https:\/\/expotec103.fr\/index.php\/wp-json\/wp\/v2\/categories?post=927"},{"taxonomy":"post_tag","embeddable":true,"href":"https:\/\/expotec103.fr\/index.php\/wp-json\/wp\/v2\/tags?post=927"}],"curies":[{"name":"wp","href":"https:\/\/api.w.org\/{rel}","templated":true}]}}