{"id":929,"date":"2013-04-07T21:29:58","date_gmt":"2013-04-07T20:29:58","guid":{"rendered":"http:\/\/www.expotec103.com\/?p=929"},"modified":"2013-04-07T21:29:58","modified_gmt":"2013-04-07T20:29:58","slug":"saint-jean-porte-latine-2013","status":"publish","type":"post","link":"https:\/\/expotec103.fr\/index.php\/2013\/04\/07\/saint-jean-porte-latine-2013\/","title":{"rendered":"Saint-Jean-Porte-Latine 2013"},"content":{"rendered":"<p><strong>Vendredi 26, samedi 27 et dimanche 28 avril<\/strong>, le Centre d\u2019Histoire Sociale organise la f\u00eate des imprimeurs, la Saint-Jean-Porte-Latine, au Moulin Saint-Gilles, 13 rue Saint-Gilles \u00e0 Rouen.<\/p>\n<h2>Animations<\/h2>\n<p>Si l\u2019ensemble d\u2019Expotec 103 sera anim\u00e9e pendant ces portes ouvertes, c\u2019est l\u2019atelier typographique qui en sera le centre d\u2019int\u00e9r\u00eat.<\/p>\n<p>L\u2019atelier typographique est un atelier d\u2019imprimerie traditionnel reconstitu\u00e9 et op\u00e9rationnel. Tout y est, des casses parisiennes \u00e0 la presse \u00e0 bras, en passant par les lingots, les vignettes, les rouleaux, les encres, les marbres, les composteurs, les platines et la Linotype.<\/p>\n<p>Il repr\u00e9sente un t\u00e9moignage tangible du travail que n\u00e9cessitait la r\u00e9alisation des livres et des journaux. Le plus simple pour vous en convaincre sera d\u2019imprimer votre pr\u00e9nom : l\u2019utilisation d\u2019un composteur est toujours d\u00e9routante pour les non initi\u00e9s, il en va de m\u00eame pour les caract\u00e8res que l\u2019on place la t\u00eate en bas.<\/p>\n<p>En plus des d\u00e9monstrations de composition et d\u2019impression, des d\u00e9monstrations de linogravure vous montreront qu\u2019il n\u2019y avait pas que le plomb pour imprimer en relief (\u00e9tymologie du terme typographie).<\/p>\n<p>Des affiches avec de nombreuses photos vous replongeront dans les gestes et les ambiances des m\u00e9tiers de l\u2019imprimerie.<\/p>\n<p>Pour les enfants :<\/p>\n<ul>\n<li>d\u00e9coupe et coloriage de masque,<\/li>\n<li>impression de leurs pr\u00e9noms, de A \u00e0 Z<\/li>\n<\/ul>\n<figure style=\"width: 500px\" class=\"wp-caption aligncenter\"><a title=\"Atelier typographique de zigazou76, sur Flickr\" href=\"http:\/\/www.flickr.com\/photos\/zigazou76\/4161565740\/\"><img loading=\"lazy\" decoding=\"async\" title=\"Atelier typographique\" src=\"http:\/\/farm3.staticflickr.com\/2583\/4161565740_562cdfc405.jpg\" alt=\"Atelier typographique\" width=\"500\" height=\"336\" \/><\/a><figcaption class=\"wp-caption-text\">Atelier typographique<\/figcaption><\/figure>\n<h2>Plumes, marque-pages, reliure\u2026<\/h2>\n<p>Imprimer n\u2019est pas une fin, ce n\u2019est que le d\u00e9but ! De nombreux m\u00e9tiers se sont organis\u00e9s autour de l\u2019imprimerie.<\/p>\n<p>Parmi ceux-ci, la reliure. Sylvia Arimal et Jocelyne Boufflart expliqueront les techniques de reliures classiques et exposeront leur mat\u00e9riel.<\/p>\n<p>Jean-Paul Caron, calamophile, exposera quelques-unes de ses plumes.<\/p>\n<figure style=\"width: 500px\" class=\"wp-caption aligncenter\"><a title=\"Jocelyne travaillant sur la reliure d\u2019un livre de zigazou76, sur Flickr\" href=\"http:\/\/www.flickr.com\/photos\/zigazou76\/8297290323\/\"><img loading=\"lazy\" decoding=\"async\" title=\"Jocelyne travaillant sur la reliure d\u2019un livre\" src=\"http:\/\/farm9.staticflickr.com\/8494\/8297290323_007ce6bb64.jpg\" alt=\"Jocelyne travaillant sur la reliure d\u2019un livre\" width=\"500\" height=\"333\" \/><\/a><figcaption class=\"wp-caption-text\">Jocelyne travaillant sur la reliure d\u2019un livre<\/figcaption><\/figure>\n<p style=\"text-align: center;\">\n<figure id=\"attachment_930\" aria-describedby=\"caption-attachment-930\" style=\"width: 150px\" class=\"wp-caption alignright\"><a href=\"http:\/\/www.expotec103.fr\/wp-content\/uploads\/2013\/04\/pascaldebacque.jpg\"><img loading=\"lazy\" decoding=\"async\" class=\"size-full wp-image-930\" title=\"Pascal Debacque\" src=\"http:\/\/www.expotec103.fr\/wp-content\/uploads\/2013\/04\/pascaldebacque.jpg\" alt=\"Pascal Debacque\" width=\"150\" height=\"198\" \/><\/a><figcaption id=\"caption-attachment-930\" class=\"wp-caption-text\">Pascal Debacque<\/figcaption><\/figure>\n<h2>Pascal Debacque, graphiste, illustrateur<\/h2>\n<p>Pour cette \u00e9dition 2013, le Centre d\u2019Histoire Sociale accueille Pascal Debacque.<\/p>\n<p>Graphiste, illustrateur, Pascal Debacque \u0153uvre dans l\u2019\u00e9dition jeunesse, le dessin naturaliste, la caricature, le design de jouets et l\u2019animation scolaire.<\/p>\n<p>En activit\u00e9 depuis 1985, il a travaill\u00e9 avec les \u00c9ditions Atlas, Piccolia, IDLivre-Jeunesse, Hachette \u00c9ducation et Hemma.<\/p>\n<p>Pour d\u00e9couvrir ses r\u00e9alisations, <a title=\"Site officiel de Pascal Debacque\" href=\"http:\/\/www.pascaldebacque.fr\/\">Pascal Debacque dispose d\u2019un site Internet http:\/\/www.pascaldebacque.fr\/<\/a><\/p>\n<h2>Pierre Gervais, l\u2019orf\u00e8vre du mouvement en miniature<\/h2>\n<figure style=\"width: 213px\" class=\"wp-caption alignright\"><a title=\"Locomobile Merlin miniature de zigazou76, sur Flickr\" href=\"http:\/\/www.flickr.com\/photos\/zigazou76\/8173216324\/\"><img loading=\"lazy\" decoding=\"async\" title=\"Locomobile Merlin miniature\" src=\"http:\/\/farm9.staticflickr.com\/8063\/8173216324_da010d9dd7_n.jpg\" alt=\"Locomobile Merlin miniature\" width=\"213\" height=\"320\" \/><\/a><figcaption class=\"wp-caption-text\">Locomobile Merlin miniature<\/figcaption><\/figure>\n<p>Faire conna\u00eetre l\u2019histoire du travail et des techniques est l\u2019objectif du Centre d\u2019Histoire Sociale. Nous le faisons avec succ\u00e8s depuis pr\u00e8s de 30 ans. Notre devoir de m\u00e9moire nous impose de transmettre aux g\u00e9n\u00e9rations \u00e0 venir des t\u00e9moignages de la grande \u00e9pop\u00e9e du travail, de la recherche, de la ma\u00eetrise des sciences et des techniques. C\u2019est \u00e9galement la vocation de la collection de mod\u00e8les r\u00e9duits \u00ab \u00c0 toute vapeur \u00bb de Pierre Gervais qui nous a quitt\u00e9 en 2011.<\/p>\n<p>Ajusteur m\u00e9canicien de profession, Pierre Gervais a mis tout son talent et son enthousiasme \u00e0 r\u00e9aliser et restaurer des reproductions de machines transformant la vapeur en \u00e9nergie m\u00e9canique.<\/p>\n<p>Il nous laisse des reproductions fid\u00e8les qui ont demand\u00e9 des ann\u00e9es de travail et de patience. Cette collection de machines \u00e0 vapeur miniatures constitue incontestablement un \u00e9l\u00e9ment p\u00e9dagogique de premier ordre compl\u00e9mentaire aux \u00e9l\u00e9ments grandeur nature pr\u00e9sent\u00e9s par notre association \u00e0 Expotec 103.<\/p>\n<p>Cette collection est pour partie mise \u00e0 notre disposition par les descendants de Pierre Gervais, Luc et Franck, pour qu\u2019elle continue \u00e0 vivre dans un contexte aux m\u00eames th\u00e9matiques. Un espace lui est d\u00e9sormais consacr\u00e9 dans nos locaux.<\/p>\n<p>Nul doute que ces mod\u00e8les r\u00e9duits raviront petits et grands !<\/p>\n<h2>Horaires<\/h2>\n<p>Vendredi 26, de 18h \u00e0 20h (lancement de la  Saint-Jean-Porte-Latine depuis l\u2019atelier typographique d\u2019Expotec 103 et  verre de l\u2019amiti\u00e9)<br \/>\nSamedi 27, de 10h \u00e0 12h et de 14h \u00e0 18h<br \/>\nDimanche 28, de 10h \u00e0 12h et de 14h \u00e0 17h.<\/p>\n<p>Entr\u00e9e : 2\u20ac, gratuit pour les moins de 12 ans et les adh\u00e9rents.<\/p>\n<h2>Acc\u00e8s<\/h2>\n<p><strong>Adresse<\/strong> : Moulin Saint Gilles 13 rue Saint-Gilles, 76000 Rouen<br \/>\n<strong>GPS<\/strong> : 49\u00b026\u201915,67&Prime; N-1\u00b08\u20192,17&Prime;E<br \/>\n<strong>Teor<\/strong> : ligne T3, arr\u00eat \u00c9cole d\u2019architecture<\/p>\n","protected":false},"excerpt":{"rendered":"<p>Vendredi 26, samedi 27 et dimanche 28 avril, le Centre d\u2019Histoire Sociale organise la f\u00eate des imprimeurs, la Saint-Jean-Porte-Latine, au Moulin Saint-Gilles, 13 rue Saint-Gilles \u00e0 Rouen. Animations Si l\u2019ensemble d\u2019Expotec 103 sera anim\u00e9e pendant ces portes ouvertes, c\u2019est l\u2019atelier typographique qui en sera le centre d\u2019int\u00e9r\u00eat. L\u2019atelier typographique est un atelier d\u2019imprimerie traditionnel reconstitu\u00e9 &hellip; <a href=\"https:\/\/expotec103.fr\/index.php\/2013\/04\/07\/saint-jean-porte-latine-2013\/\" class=\"more-link\">Continuer la lecture de <span class=\"screen-reader-text\">Saint-Jean-Porte-Latine 2013<\/span><\/a><\/p>\n","protected":false},"author":1,"featured_media":0,"comment_status":"closed","ping_status":"closed","sticky":false,"template":"","format":"standard","meta":{"footnotes":""},"categories":[1],"tags":[],"_links":{"self":[{"href":"https:\/\/expotec103.fr\/index.php\/wp-json\/wp\/v2\/posts\/929"}],"collection":[{"href":"https:\/\/expotec103.fr\/index.php\/wp-json\/wp\/v2\/posts"}],"about":[{"href":"https:\/\/expotec103.fr\/index.php\/wp-json\/wp\/v2\/types\/post"}],"author":[{"embeddable":true,"href":"https:\/\/expotec103.fr\/index.php\/wp-json\/wp\/v2\/users\/1"}],"replies":[{"embeddable":true,"href":"https:\/\/expotec103.fr\/index.php\/wp-json\/wp\/v2\/comments?post=929"}],"version-history":[{"count":0,"href":"https:\/\/expotec103.fr\/index.php\/wp-json\/wp\/v2\/posts\/929\/revisions"}],"wp:attachment":[{"href":"https:\/\/expotec103.fr\/index.php\/wp-json\/wp\/v2\/media?parent=929"}],"wp:term":[{"taxonomy":"category","embeddable":true,"href":"https:\/\/expotec103.fr\/index.php\/wp-json\/wp\/v2\/categories?post=929"},{"taxonomy":"post_tag","embeddable":true,"href":"https:\/\/expotec103.fr\/index.php\/wp-json\/wp\/v2\/tags?post=929"}],"curies":[{"name":"wp","href":"https:\/\/api.w.org\/{rel}","templated":true}]}}