{"id":938,"date":"2013-04-21T12:10:23","date_gmt":"2013-04-21T11:10:23","guid":{"rendered":"http:\/\/www.expotec103.com\/?p=938"},"modified":"2013-04-21T12:10:23","modified_gmt":"2013-04-21T11:10:23","slug":"salle-pierre-gervais","status":"publish","type":"post","link":"https:\/\/expotec103.fr\/index.php\/2013\/04\/21\/salle-pierre-gervais\/","title":{"rendered":"Salle Pierre-Gervais"},"content":{"rendered":"<p>Les b\u00e9n\u00e9voles du Centre d\u2019Histoire Sociale ont am\u00e9nag\u00e9 une salle compl\u00e8te afin qu\u2019elle puisse recevoir la collection de mod\u00e8le r\u00e9duit de Pierre Gervais que sa famille nous a confi\u00e9e.<\/p>\n<p><a href=\"http:\/\/www.expotec103.com\/2013\/04\/saint-jean-porte-latine-2013\/\">La salle sera inaugur\u00e9e lors de la Saint-Jean-Porte-Latine 2013<\/a><\/p>\n<p>Les photos ci-dessous sont un avant-go\u00fbt des quelques pi\u00e8ces qui y sont expos\u00e9es.<\/p>\n<h2>Le chantier<\/h2>\n<figure style=\"width: 333px\" class=\"wp-caption aligncenter\"><a title=\"Travaux de la salle Pierre-Gervais de zigazou76, sur Flickr\" href=\"http:\/\/www.flickr.com\/photos\/zigazou76\/8666773546\/\"><img loading=\"lazy\" decoding=\"async\" title=\"Travaux de la salle Pierre-Gervais\" src=\"http:\/\/farm9.staticflickr.com\/8253\/8666773546_6be48c9fc9.jpg\" alt=\"Travaux de la salle Pierre-Gervais\" width=\"333\" height=\"500\" \/><\/a><figcaption class=\"wp-caption-text\">Travaux de la salle Pierre-Gervais<\/figcaption><\/figure>\n<figure style=\"width: 500px\" class=\"wp-caption aligncenter\"><a title=\"Travaux de la salle Pierre-Gervais de zigazou76, sur Flickr\" href=\"http:\/\/www.flickr.com\/photos\/zigazou76\/8665322179\/\"><img loading=\"lazy\" decoding=\"async\" title=\"Travaux de la salle Pierre-Gervais\" src=\"http:\/\/farm9.staticflickr.com\/8245\/8665322179_4f87f634a4.jpg\" alt=\"Travaux de la salle Pierre-Gervais\" width=\"500\" height=\"333\" \/><\/a><figcaption class=\"wp-caption-text\">Travaux de la salle Pierre-Gervais<\/figcaption><\/figure>\n<figure style=\"width: 333px\" class=\"wp-caption aligncenter\"><a title=\"Travaux de la salle Pierre-Gervais de zigazou76, sur Flickr\" href=\"http:\/\/www.flickr.com\/photos\/zigazou76\/8666420336\/\"><img loading=\"lazy\" decoding=\"async\" title=\"Travaux de la salle Pierre-Gervais\" src=\"http:\/\/farm9.staticflickr.com\/8241\/8666420336_2c9b3f1ec0.jpg\" alt=\"Travaux de la salle Pierre-Gervais\" width=\"333\" height=\"500\" \/><\/a><figcaption class=\"wp-caption-text\">Travaux de la salle Pierre-Gervais<\/figcaption><\/figure>\n<figure style=\"width: 332px\" class=\"wp-caption aligncenter\"><a title=\"Travaux de la salle Pierre-Gervais de zigazou76, sur Flickr\" href=\"http:\/\/www.flickr.com\/photos\/zigazou76\/8666418410\/\"><img loading=\"lazy\" decoding=\"async\" title=\"Travaux de la salle Pierre-Gervais\" src=\"http:\/\/farm9.staticflickr.com\/8256\/8666418410_27d1a74b1e.jpg\" alt=\"Travaux de la salle Pierre-Gervais\" width=\"332\" height=\"500\" \/><\/a><figcaption class=\"wp-caption-text\">Travaux de la salle Pierre-Gervais<\/figcaption><\/figure>\n<figure style=\"width: 500px\" class=\"wp-caption aligncenter\"><a title=\"Travaux de la salle Pierre-Gervais de zigazou76, sur Flickr\" href=\"http:\/\/www.flickr.com\/photos\/zigazou76\/8665315775\/\"><img loading=\"lazy\" decoding=\"async\" title=\"Travaux de la salle Pierre-Gervais\" src=\"http:\/\/farm9.staticflickr.com\/8257\/8665315775_cd7a386267.jpg\" alt=\"Travaux de la salle Pierre-Gervais\" width=\"500\" height=\"333\" \/><\/a><figcaption class=\"wp-caption-text\">Travaux de la salle Pierre-Gervais<\/figcaption><\/figure>\n<h2>La salle Pierre-Gervais finalis\u00e9e<\/h2>\n<figure style=\"width: 500px\" class=\"wp-caption aligncenter\"><a title=\"Salle Pierre-Gervais de zigazou76, sur Flickr\" href=\"http:\/\/www.flickr.com\/photos\/zigazou76\/8665302979\/\"><img loading=\"lazy\" decoding=\"async\" title=\"Salle Pierre-Gervais\" src=\"http:\/\/farm9.staticflickr.com\/8266\/8665302979_5be8d3c6af.jpg\" alt=\"Salle Pierre-Gervais\" width=\"500\" height=\"333\" \/><\/a><figcaption class=\"wp-caption-text\">Salle Pierre-Gervais<\/figcaption><\/figure>\n<figure style=\"width: 500px\" class=\"wp-caption aligncenter\"><a title=\"Salle Pierre-Gervais de zigazou76, sur Flickr\" href=\"http:\/\/www.flickr.com\/photos\/zigazou76\/8666413442\/\"><img loading=\"lazy\" decoding=\"async\" title=\"Salle Pierre-Gervais\" src=\"http:\/\/farm9.staticflickr.com\/8260\/8666413442_9c2c2045e0.jpg\" alt=\"Salle Pierre-Gervais\" width=\"500\" height=\"332\" \/><\/a><figcaption class=\"wp-caption-text\">Salle Pierre-Gervais<\/figcaption><\/figure>\n<figure style=\"width: 500px\" class=\"wp-caption aligncenter\"><a title=\"Locomotive 230-37,6 de zigazou76, sur Flickr\" href=\"http:\/\/www.flickr.com\/photos\/zigazou76\/8666410720\/\"><img loading=\"lazy\" decoding=\"async\" title=\"Locomotive 230-37,6\" src=\"http:\/\/farm9.staticflickr.com\/8261\/8666410720_ce341afdd0.jpg\" alt=\"Locomotive 230-37,6\" width=\"500\" height=\"332\" \/><\/a><figcaption class=\"wp-caption-text\">Locomotive 230-37,6<\/figcaption><\/figure>\n<figure style=\"width: 333px\" class=\"wp-caption aligncenter\"><a title=\"Atelier de forgeron de zigazou76, sur Flickr\" href=\"http:\/\/www.flickr.com\/photos\/zigazou76\/8666406752\/\"><img loading=\"lazy\" decoding=\"async\" title=\"Atelier de forgeron\" src=\"http:\/\/farm9.staticflickr.com\/8250\/8666406752_06a8723f03.jpg\" alt=\"Atelier de forgeron\" width=\"333\" height=\"500\" \/><\/a><figcaption class=\"wp-caption-text\">Atelier de forgeron<\/figcaption><\/figure>\n<figure style=\"width: 500px\" class=\"wp-caption aligncenter\"><a title=\"Remorqueur Saint-Charles de zigazou76, sur Flickr\" href=\"http:\/\/www.flickr.com\/photos\/zigazou76\/8666404782\/\"><img loading=\"lazy\" decoding=\"async\" title=\"Remorqueur Saint-Charles\" src=\"http:\/\/farm9.staticflickr.com\/8245\/8666404782_6aafc7e5c2.jpg\" alt=\"Remorqueur Saint-Charles\" width=\"500\" height=\"332\" \/><\/a><figcaption class=\"wp-caption-text\">Remorqueur Saint-Charles<\/figcaption><\/figure>\n<figure style=\"width: 500px\" class=\"wp-caption aligncenter\"><a title=\"Machine \u00e0 vapeur triple expansion de zigazou76, sur Flickr\" href=\"http:\/\/www.flickr.com\/photos\/zigazou76\/8665301585\/\"><img loading=\"lazy\" decoding=\"async\" title=\"Machine \u00e0 vapeur triple expansion\" src=\"http:\/\/farm9.staticflickr.com\/8258\/8665301585_a2382f6eda.jpg\" alt=\"Machine \u00e0 vapeur triple expansion\" width=\"500\" height=\"332\" \/><\/a><figcaption class=\"wp-caption-text\">Machine \u00e0 vapeur triple expansion<\/figcaption><\/figure>\n<figure style=\"width: 500px\" class=\"wp-caption aligncenter\"><a title=\"Machine \u00e0 vapeur mono-cylindre de zigazou76, sur Flickr\" href=\"http:\/\/www.flickr.com\/photos\/zigazou76\/8665299477\/\"><img loading=\"lazy\" decoding=\"async\" title=\"Machine \u00e0 vapeur mono-cylindre\" src=\"http:\/\/farm9.staticflickr.com\/8259\/8665299477_d593c8df4f.jpg\" alt=\"Machine \u00e0 vapeur mono-cylindre\" width=\"500\" height=\"500\" \/><\/a><figcaption class=\"wp-caption-text\">Machine \u00e0 vapeur mono-cylindre<\/figcaption><\/figure>\n","protected":false},"excerpt":{"rendered":"<p>Les b\u00e9n\u00e9voles du Centre d\u2019Histoire Sociale ont am\u00e9nag\u00e9 une salle compl\u00e8te afin qu\u2019elle puisse recevoir la collection de mod\u00e8le r\u00e9duit de Pierre Gervais que sa famille nous a confi\u00e9e. La salle sera inaugur\u00e9e lors de la Saint-Jean-Porte-Latine 2013 Les photos ci-dessous sont un avant-go\u00fbt des quelques pi\u00e8ces qui y sont expos\u00e9es. Le chantier La salle &hellip; <a href=\"https:\/\/expotec103.fr\/index.php\/2013\/04\/21\/salle-pierre-gervais\/\" class=\"more-link\">Continuer la lecture de <span class=\"screen-reader-text\">Salle Pierre-Gervais<\/span><\/a><\/p>\n","protected":false},"author":1,"featured_media":0,"comment_status":"closed","ping_status":"closed","sticky":false,"template":"","format":"standard","meta":{"footnotes":""},"categories":[2,6,15],"tags":[],"_links":{"self":[{"href":"https:\/\/expotec103.fr\/index.php\/wp-json\/wp\/v2\/posts\/938"}],"collection":[{"href":"https:\/\/expotec103.fr\/index.php\/wp-json\/wp\/v2\/posts"}],"about":[{"href":"https:\/\/expotec103.fr\/index.php\/wp-json\/wp\/v2\/types\/post"}],"author":[{"embeddable":true,"href":"https:\/\/expotec103.fr\/index.php\/wp-json\/wp\/v2\/users\/1"}],"replies":[{"embeddable":true,"href":"https:\/\/expotec103.fr\/index.php\/wp-json\/wp\/v2\/comments?post=938"}],"version-history":[{"count":0,"href":"https:\/\/expotec103.fr\/index.php\/wp-json\/wp\/v2\/posts\/938\/revisions"}],"wp:attachment":[{"href":"https:\/\/expotec103.fr\/index.php\/wp-json\/wp\/v2\/media?parent=938"}],"wp:term":[{"taxonomy":"category","embeddable":true,"href":"https:\/\/expotec103.fr\/index.php\/wp-json\/wp\/v2\/categories?post=938"},{"taxonomy":"post_tag","embeddable":true,"href":"https:\/\/expotec103.fr\/index.php\/wp-json\/wp\/v2\/tags?post=938"}],"curies":[{"name":"wp","href":"https:\/\/api.w.org\/{rel}","templated":true}]}}