{"id":941,"date":"2013-04-29T09:49:02","date_gmt":"2013-04-29T08:49:02","guid":{"rendered":"http:\/\/www.expotec103.com\/?p=941"},"modified":"2013-04-29T09:49:02","modified_gmt":"2013-04-29T08:49:02","slug":"retour-sur-la-saint-jean-porte-latine-2013","status":"publish","type":"post","link":"https:\/\/expotec103.fr\/index.php\/2013\/04\/29\/retour-sur-la-saint-jean-porte-latine-2013\/","title":{"rendered":"Retour sur la Saint-Jean-Porte-Latine 2013"},"content":{"rendered":"<p>Retour en photos sur la Saint-Jean-Porte-Latine 2013 qui a eu lieu les 27 et 28 avril.<\/p>\n<p>L\u2019inauguration a eu lieu en pr\u00e9sence d\u2019Yvon Robert, Maire de Rouen, de Christine Rambaud, Premi\u00e8re Adjointe au Maire de Rouen, et de Caroline Dutarte, Adjointe au Maire de Rouen . Cela a \u00e9t\u00e9 l\u2019occasion pour le Pr\u00e9sident de l\u2019association, Sylvain Engelhard, de pr\u00e9senter les projets r\u00e9alis\u00e9s mais aussi les projets \u00e0 venir comme la restauration d\u2019un petit train \u00e0 vapeur.<\/p>\n<figure style=\"width: 333px\" class=\"wp-caption aligncenter\"><a title=\"Sylvain Engelhard, Yvon Robert et Christine Rambaud de zigazou76, sur Flickr\" href=\"http:\/\/www.flickr.com\/photos\/zigazou76\/8689695295\/\"><img loading=\"lazy\" decoding=\"async\" title=\"Sylvain Engelhard, Yvon Robert et Christine Rambaud\" src=\"http:\/\/farm8.staticflickr.com\/7047\/8689695295_d4d484d33e.jpg\" alt=\"Sylvain Engelhard, Yvon Robert et Christine Rambaud\" width=\"333\" height=\"500\" \/><\/a><figcaption class=\"wp-caption-text\">Sylvain Engelhard, Yvon Robert et Christine Rambaud<\/figcaption><\/figure>\n<p>Yvon Robert a inaugur\u00e9 la salle Pierre-Gervais en pr\u00e9sence des fils de Pierre Gervais, Franck et Luc Gervais.<\/p>\n<figure style=\"width: 500px\" class=\"wp-caption aligncenter\"><a title=\"D\u00e9coupe du ruban tricolore de zigazou76, sur Flickr\" href=\"http:\/\/www.flickr.com\/photos\/zigazou76\/8689686721\/\"><img loading=\"lazy\" decoding=\"async\" title=\"D\u00e9coupe du ruban tricolore\" src=\"http:\/\/farm9.staticflickr.com\/8404\/8689686721_a58dd712a3.jpg\" alt=\"D\u00e9coupe du ruban tricolore\" width=\"500\" height=\"500\" \/><\/a><figcaption class=\"wp-caption-text\">D\u00e9coupe du ruban tricolore<\/figcaption><\/figure>\n<p>Les visiteurs ont pu d\u00e9couvrir cette salle d\u00e9di\u00e9e \u00e0 la collection de mod\u00e8les r\u00e9duits de Pierre Gervais, collection couvrant la r\u00e9volution industrielle et le d\u00e9but du XXe si\u00e8cle.<\/p>\n<figure style=\"width: 500px\" class=\"wp-caption aligncenter\"><a title=\"Visite de la salle Pierre-Gervais de zigazou76, sur Flickr\" href=\"http:\/\/www.flickr.com\/photos\/zigazou76\/8689679033\/\"><img loading=\"lazy\" decoding=\"async\" title=\"Visite de la salle Pierre-Gervais\" src=\"http:\/\/farm8.staticflickr.com\/7043\/8689679033_2b01e50a6c.jpg\" alt=\"Visite de la salle Pierre-Gervais\" width=\"500\" height=\"333\" \/><\/a><figcaption class=\"wp-caption-text\">Visite de la salle Pierre-Gervais<\/figcaption><\/figure>\n<p>Jean-Paul Caron a expos\u00e9 de nombreuses plumes issues de sa collection personnelle. Les visiteurs ont pu d\u00e9couvrir diff\u00e9rentes technologies utilis\u00e9es pour l\u2019\u00e9criture avant d\u2019\u00eatre remplac\u00e9es par le stylo-plume ou le stylo \u00e0 bille.<\/p>\n<figure style=\"width: 500px\" class=\"wp-caption aligncenter\"><a title=\"Plumes de zigazou76, sur Flickr\" href=\"http:\/\/www.flickr.com\/photos\/zigazou76\/8692150740\/\"><img loading=\"lazy\" decoding=\"async\" title=\"Plumes\" src=\"http:\/\/farm9.staticflickr.com\/8115\/8692150740_a9046ed5f4.jpg\" alt=\"Plumes\" width=\"500\" height=\"332\" \/><\/a><figcaption class=\"wp-caption-text\">Plumes<\/figcaption><\/figure>\n<p>Pascal Debacque, illustrateur et invit\u00e9 d\u2019honneur de l\u2019\u00e9dition 2013 de la f\u00eate des imprimeurs, d\u00e9dica\u00e7ait ses livres et croquait les volontaires dans ses caricatures.<\/p>\n<figure style=\"width: 500px\" class=\"wp-caption aligncenter\"><a title=\"Pascal Debacque de zigazou76, sur Flickr\" href=\"http:\/\/www.flickr.com\/photos\/zigazou76\/8690791286\/\"><img loading=\"lazy\" decoding=\"async\" title=\"Pascal Debacque\" src=\"http:\/\/farm8.staticflickr.com\/7055\/8690791286_11877e8ff9.jpg\" alt=\"Pascal Debacque\" width=\"500\" height=\"332\" \/><\/a><figcaption class=\"wp-caption-text\">Pascal Debacque<\/figcaption><\/figure>\n<p>Sylvia Arinal a effectu\u00e9 des d\u00e9monstrations de reliure \u00e0 l\u2019ancienne et de restauration de livres.<\/p>\n<figure style=\"width: 500px\" class=\"wp-caption aligncenter\"><a title=\"D\u00e9monstration de reliure par Sylvia Arinal de zigazou76, sur Flickr\" href=\"http:\/\/www.flickr.com\/photos\/zigazou76\/8691014561\/\"><img loading=\"lazy\" decoding=\"async\" title=\"D\u00e9monstration de reliure par Sylvia Arinal\" src=\"http:\/\/farm9.staticflickr.com\/8397\/8691014561_cef5dc0f63.jpg\" alt=\"D\u00e9monstration de reliure par Sylvia Arinal\" width=\"500\" height=\"333\" \/><\/a><figcaption class=\"wp-caption-text\">D\u00e9monstration de reliure par Sylvia Arinal<\/figcaption><\/figure>\n<p>Les \u00e9diteurs ind\u00e9pendants \u00e9taient pr\u00e9sents : Christophe Chomant \u00c9diteur,<\/p>\n<figure style=\"width: 332px\" class=\"wp-caption aligncenter\"><a title=\"Stand de Christophe Chomant \u00c9diteur de zigazou76, sur Flickr\" href=\"http:\/\/www.flickr.com\/photos\/zigazou76\/8692131046\/\"><img loading=\"lazy\" decoding=\"async\" title=\"Stand de Christophe Chomant \u00c9diteur\" src=\"http:\/\/farm9.staticflickr.com\/8257\/8692131046_aef255f3e8.jpg\" alt=\"Stand de Christophe Chomant \u00c9diteur\" width=\"332\" height=\"500\" \/><\/a><figcaption class=\"wp-caption-text\">Stand de Christophe Chomant \u00c9diteur<\/figcaption><\/figure>\n<p>Et les \u00e9ditions Galmiche avec Rouen Lecture.<\/p>\n<figure style=\"width: 333px\" class=\"wp-caption aligncenter\"><a title=\"Stand de Rouen Lecture de zigazou76, sur Flickr\" href=\"http:\/\/www.flickr.com\/photos\/zigazou76\/8689688277\/\"><img loading=\"lazy\" decoding=\"async\" title=\"Stand de Rouen Lecture\" src=\"http:\/\/farm8.staticflickr.com\/7044\/8689688277_3938344d77.jpg\" alt=\"Stand de Rouen Lecture\" width=\"333\" height=\"500\" \/><\/a><figcaption class=\"wp-caption-text\">Stand de Rouen Lecture<\/figcaption><\/figure>\n<p>Germanico V\u00e9last\u00e9gui effectuait des d\u00e9monstrations de gauffrage.<\/p>\n<figure style=\"width: 332px\" class=\"wp-caption aligncenter\"><a title=\"D\u00e9monstratin de gauffrage par Germanico V\u00e9last\u00e9gui de zigazou76, sur Flickr\" href=\"http:\/\/www.flickr.com\/photos\/zigazou76\/8691011417\/\"><img loading=\"lazy\" decoding=\"async\" title=\"D\u00e9monstration de gauffrage par Germanico V\u00e9last\u00e9gui\" src=\"http:\/\/farm9.staticflickr.com\/8538\/8691011417_3c5db1b670.jpg\" alt=\"D\u00e9monstration de gauffrage par Germanico V\u00e9last\u00e9gui\" width=\"332\" height=\"500\" \/><\/a><figcaption class=\"wp-caption-text\">D\u00e9monstration de gauffrage par Germanico V\u00e9last\u00e9gui<\/figcaption><\/figure>\n<p>Jean-Pierre Dupuis a expliqu\u00e9 le m\u00e9tier de polisseur.<\/p>\n<figure style=\"width: 332px\" class=\"wp-caption aligncenter\"><a title=\"Jean-Pierre Dupuis polisseur de zigazou76, sur Flickr\" href=\"http:\/\/www.flickr.com\/photos\/zigazou76\/8692116096\/\"><img loading=\"lazy\" decoding=\"async\" title=\"Jean-Pierre Dupuis polisseur\" src=\"http:\/\/farm9.staticflickr.com\/8394\/8692116096_7a80b0c9a3.jpg\" alt=\"Jean-Pierre Dupuis polisseur\" width=\"332\" height=\"500\" \/><\/a><figcaption class=\"wp-caption-text\">Jean-Pierre Dupuis polisseur<\/figcaption><\/figure>\n<p>Qui dit f\u00eate des imprimeurs, dit imprimeur : Francis a transform\u00e9 de nombreux enfants en imprimeur fa\u00e7on Gutenberg.<\/p>\n<figure style=\"width: 500px\" class=\"wp-caption aligncenter\"><a title=\"Francis \u00e0 la presse \u00e0 bras de zigazou76, sur Flickr\" href=\"http:\/\/www.flickr.com\/photos\/zigazou76\/8692111540\/\"><img loading=\"lazy\" decoding=\"async\" title=\"Francis \u00e0 la presse \u00e0 bras\" src=\"http:\/\/farm9.staticflickr.com\/8115\/8692111540_c81f796f6d.jpg\" alt=\"Francis \u00e0 la presse \u00e0 bras\" width=\"500\" height=\"332\" \/><\/a><figcaption class=\"wp-caption-text\">Francis \u00e0 la presse \u00e0 bras<\/figcaption><\/figure>\n<p>Christophe Chomant a expliqu\u00e9 par l\u2019exemple comment r\u00e9aliser du papier artisanal \u00e0 partir de chutes de papier.<\/p>\n<figure style=\"width: 500px\" class=\"wp-caption aligncenter\"><a title=\"Christophe Chomant de zigazou76, sur Flickr\" href=\"http:\/\/www.flickr.com\/photos\/zigazou76\/8692107422\/\"><img loading=\"lazy\" decoding=\"async\" title=\"Christophe Chomant\" src=\"http:\/\/farm9.staticflickr.com\/8113\/8692107422_864a15762a.jpg\" alt=\"Christophe Chomant\" width=\"500\" height=\"333\" \/><\/a><figcaption class=\"wp-caption-text\">Christophe Chomant<\/figcaption><\/figure>\n<figure style=\"width: 500px\" class=\"wp-caption aligncenter\"><a title=\"Papier artisanal de zigazou76, sur Flickr\" href=\"http:\/\/www.flickr.com\/photos\/zigazou76\/8692103238\/\"><img loading=\"lazy\" decoding=\"async\" title=\"Papier artisanal\" src=\"http:\/\/farm9.staticflickr.com\/8545\/8692103238_d28b92ff68.jpg\" alt=\"Papier artisanal\" width=\"500\" height=\"500\" \/><\/a><figcaption class=\"wp-caption-text\">Papier artisanal<\/figcaption><\/figure>\n<p>S\u00e9bastien a encadr\u00e9 des jeunes pour leur apprendre les rudiments du travail du m\u00e9tal \u00e0 la forge et \u00e0 l\u2019enclume.<\/p>\n<figure style=\"width: 500px\" class=\"wp-caption aligncenter\"><a title=\"S\u00e9bastien au marteau-pilon de zigazou76, sur Flickr\" href=\"http:\/\/www.flickr.com\/photos\/zigazou76\/8692096000\/\"><img loading=\"lazy\" decoding=\"async\" title=\"S\u00e9bastien au marteau-pilon\" src=\"http:\/\/farm9.staticflickr.com\/8119\/8692096000_c7088973ff.jpg\" alt=\"S\u00e9bastien au marteau-pilon\" width=\"500\" height=\"332\" \/><\/a><figcaption class=\"wp-caption-text\">S\u00e9bastien au marteau-pilon<\/figcaption><\/figure>\n<p>Les visiteurs pouvait se transformer l\u2019espace d\u2019un instant en typographe pour imprimer leur pr\u00e9nom sur une presse \u00e0 \u00e9preuves.<\/p>\n<figure style=\"width: 500px\" class=\"wp-caption aligncenter\"><a title=\"Composition d\u2019initiation de zigazou76, sur Flickr\" href=\"http:\/\/www.flickr.com\/photos\/zigazou76\/8690976055\/\"><img loading=\"lazy\" decoding=\"async\" title=\"Composition d\u2019initiation\" src=\"http:\/\/farm9.staticflickr.com\/8545\/8690976055_4ce4315e1c.jpg\" alt=\"Composition d\u2019initiation\" width=\"500\" height=\"332\" \/><\/a><figcaption class=\"wp-caption-text\">Composition d\u2019initiation<\/figcaption><\/figure>\n<p>Le four banal de la Pannevert, sur l\u2019esplanade Jean-Pierre-Engelhard, a fonctionn\u00e9 tout le week-end gr\u00e2ce \u00e0 nos boulangers b\u00e9n\u00e9voles pour cuire pains de campagne, pains bri\u00e9s, pains aux graines ou brioches.<\/p>\n<figure style=\"width: 500px\" class=\"wp-caption aligncenter\"><a title=\"Pain de campagne long de zigazou76, sur Flickr\" href=\"http:\/\/www.flickr.com\/photos\/zigazou76\/8690968189\/\"><img loading=\"lazy\" decoding=\"async\" title=\"Pain de campagne long\" src=\"http:\/\/farm9.staticflickr.com\/8257\/8690968189_7285db7689.jpg\" alt=\"Pain de campagne long\" width=\"500\" height=\"332\" \/><\/a><figcaption class=\"wp-caption-text\">Pain de campagne long<\/figcaption><\/figure>\n<figure style=\"width: 500px\" class=\"wp-caption aligncenter\"><a title=\"Georges de zigazou76, sur Flickr\" href=\"http:\/\/www.flickr.com\/photos\/zigazou76\/8690956433\/\"><img loading=\"lazy\" decoding=\"async\" title=\"Georges\" src=\"http:\/\/farm9.staticflickr.com\/8541\/8690956433_376c4152ba.jpg\" alt=\"Georges\" width=\"500\" height=\"332\" \/><\/a><figcaption class=\"wp-caption-text\">Georges, boulanger<\/figcaption><\/figure>\n<p>Pour consulter toutes les photos, des galeries sont disponibles :<\/p>\n<ul>\n<li><a href=\"http:\/\/www.flickr.com\/photos\/zigazou76\/sets\/72157633361387503\/\">photos de l\u2019inauguration de la Saint-Jean-Porte-Latine 2013<\/a>,<\/li>\n<li><a href=\"http:\/\/www.flickr.com\/photos\/zigazou76\/sets\/72157633377069836\/\">photos de la Saint-Jean-Porte-Latine 2013<\/a>.<\/li>\n<\/ul>\n","protected":false},"excerpt":{"rendered":"<p>Retour en photos sur la Saint-Jean-Porte-Latine 2013 qui a eu lieu les 27 et 28 avril. L\u2019inauguration a eu lieu en pr\u00e9sence d\u2019Yvon Robert, Maire de Rouen, de Christine Rambaud, Premi\u00e8re Adjointe au Maire de Rouen, et de Caroline Dutarte, Adjointe au Maire de Rouen . Cela a \u00e9t\u00e9 l\u2019occasion pour le Pr\u00e9sident de l\u2019association, &hellip; <a href=\"https:\/\/expotec103.fr\/index.php\/2013\/04\/29\/retour-sur-la-saint-jean-porte-latine-2013\/\" class=\"more-link\">Continuer la lecture de <span class=\"screen-reader-text\">Retour sur la Saint-Jean-Porte-Latine 2013<\/span><\/a><\/p>\n","protected":false},"author":1,"featured_media":0,"comment_status":"closed","ping_status":"closed","sticky":false,"template":"","format":"standard","meta":{"footnotes":""},"categories":[8],"tags":[],"_links":{"self":[{"href":"https:\/\/expotec103.fr\/index.php\/wp-json\/wp\/v2\/posts\/941"}],"collection":[{"href":"https:\/\/expotec103.fr\/index.php\/wp-json\/wp\/v2\/posts"}],"about":[{"href":"https:\/\/expotec103.fr\/index.php\/wp-json\/wp\/v2\/types\/post"}],"author":[{"embeddable":true,"href":"https:\/\/expotec103.fr\/index.php\/wp-json\/wp\/v2\/users\/1"}],"replies":[{"embeddable":true,"href":"https:\/\/expotec103.fr\/index.php\/wp-json\/wp\/v2\/comments?post=941"}],"version-history":[{"count":0,"href":"https:\/\/expotec103.fr\/index.php\/wp-json\/wp\/v2\/posts\/941\/revisions"}],"wp:attachment":[{"href":"https:\/\/expotec103.fr\/index.php\/wp-json\/wp\/v2\/media?parent=941"}],"wp:term":[{"taxonomy":"category","embeddable":true,"href":"https:\/\/expotec103.fr\/index.php\/wp-json\/wp\/v2\/categories?post=941"},{"taxonomy":"post_tag","embeddable":true,"href":"https:\/\/expotec103.fr\/index.php\/wp-json\/wp\/v2\/tags?post=941"}],"curies":[{"name":"wp","href":"https:\/\/api.w.org\/{rel}","templated":true}]}}