{"id":943,"date":"2013-05-17T05:41:08","date_gmt":"2013-05-17T04:41:08","guid":{"rendered":"http:\/\/www.expotec103.com\/?p=943"},"modified":"2013-05-17T05:41:08","modified_gmt":"2013-05-17T04:41:08","slug":"saint-honore-2013","status":"publish","type":"post","link":"https:\/\/expotec103.fr\/index.php\/2013\/05\/17\/saint-honore-2013\/","title":{"rendered":"Saint-Honor\u00e9 2013"},"content":{"rendered":"<figure style=\"width: 213px\" class=\"wp-caption alignright\"><a title=\"Pain aux gra\u00eenes de zigazou76, sur Flickr\" href=\"http:\/\/www.flickr.com\/photos\/zigazou76\/8692075896\/\"><img loading=\"lazy\" decoding=\"async\" title=\"Pain aux graines\" src=\"http:\/\/farm9.staticflickr.com\/8258\/8692075896_a99795a377_n.jpg\" alt=\"Pain aux graines\" width=\"213\" height=\"320\" \/><\/a><figcaption class=\"wp-caption-text\">Pain aux graines<\/figcaption><\/figure>\n<p>Le Centre d\u2019Histoire Sociale f\u00eate les boulangers, la Saint-Honor\u00e9 2013, samedi 18 et dimanche 19 mai, avec le soutien du <a href=\"http:\/\/www.boulangerie.org\/\">Syndicat de la Boulangerie<\/a> et <a href=\"http:\/\/www.francebleu.fr\/station\/france-bleu-haute-normandie\/\">France Bleu Haute-Normandie<\/a>.<\/p>\n<h2>Au four banal<\/h2>\n<p>Pendant ce week-end, notre boulanger b\u00e9n\u00e9vole Georges r\u00e9alisera des fourn\u00e9es de pain dans un authentique four \u00e0 bois, le four banal de la Pannevert (esplanade Jean-Pierre-Engelhard).<\/p>\n<p>Voici ce qui sortira du four :<\/p>\n<ul>\n<li>boules de campagne,<\/li>\n<li>pain bri\u00e9,<\/li>\n<li>pain aux graines,<\/li>\n<li>brioches.<\/li>\n<\/ul>\n<p>Chaque pi\u00e8ce est vendue 3 \u20ac au profit de l\u2019association.<\/p>\n<p>En plus de go\u00fbter \u00e0 du pain cuit \u00e0 l\u2019ancienne, les visiteurs pourront d\u00e9couvrir les techniques de la boulangerie.<\/p>\n<p>Un verre de l\u2019amiti\u00e9 sera offert le vendredi 17 mai \u00e0 18h30 devant le four banal.<\/p>\n<figure style=\"width: 500px\" class=\"wp-caption aligncenter\"><a title=\"Pr\u00e9paration des boules de pain de zigazou76, sur Flickr\" href=\"http:\/\/www.flickr.com\/photos\/zigazou76\/7183940506\/\"><img loading=\"lazy\" decoding=\"async\" title=\"Pr\u00e9paration des boules de pain\" src=\"http:\/\/farm9.staticflickr.com\/8166\/7183940506_3ea31cd8a7.jpg\" alt=\"Pr\u00e9paration des boules de pain\" width=\"500\" height=\"332\" \/><\/a><figcaption class=\"wp-caption-text\">Pr\u00e9paration des boules de pain<\/figcaption><\/figure>\n<p style=\"text-align: center;\">\n<h2>Au moulin Saint-Gilles<\/h2>\n<p>\u00c0 l\u2019occasion de la Saint-Honor\u00e9, Expotec 103 (au moulin Saint-Gilles) sera ouvert le samedi et le dimanche aux visiteurs.<\/p>\n<p>Seront anim\u00e9s :<\/p>\n<ul>\n<li>l\u2019atelier typographique (imprimerie selon Gutenberg),<\/li>\n<li>les machines \u00e0 vapeurs et les moteurs diesels,<\/li>\n<li>la salle Pierre-Gervais (mod\u00e8les r\u00e9duits de machines-outils et d\u2019ateliers du si\u00e8cle dernier),<\/li>\n<li>l\u2019atelier de polissage,<\/li>\n<li>les machines-outils,<\/li>\n<li>le jardin de plantes tinctoriales (des plantes qui servaient \u00e0 cr\u00e9er des teintures).<\/li>\n<\/ul>\n<p>Le petit train de Houppeville sera \u00e9galement visible ce week-end m\u00eame s\u2019il n\u2019est pas encore op\u00e9rationnel.<\/p>\n<p>Le prix d\u2019entr\u00e9e est fix\u00e9 \u00e0 2 \u20ac, gratuit pour les moins de 12 ans et les adh\u00e9rents.<\/p>\n<p>Le moulin sera ouvert le samedi et le dimanche de 10h \u00e0 12h et de 14h \u00e0 17h.<\/p>\n","protected":false},"excerpt":{"rendered":"<p>Le Centre d\u2019Histoire Sociale f\u00eate les boulangers, la Saint-Honor\u00e9 2013, samedi 18 et dimanche 19 mai, avec le soutien du Syndicat de la Boulangerie et France Bleu Haute-Normandie. Au four banal Pendant ce week-end, notre boulanger b\u00e9n\u00e9vole Georges r\u00e9alisera des fourn\u00e9es de pain dans un authentique four \u00e0 bois, le four banal de la Pannevert &hellip; <a href=\"https:\/\/expotec103.fr\/index.php\/2013\/05\/17\/saint-honore-2013\/\" class=\"more-link\">Continuer la lecture de <span class=\"screen-reader-text\">Saint-Honor\u00e9 2013<\/span><\/a><\/p>\n","protected":false},"author":1,"featured_media":0,"comment_status":"closed","ping_status":"closed","sticky":false,"template":"","format":"standard","meta":{"footnotes":""},"categories":[5,8],"tags":[],"_links":{"self":[{"href":"https:\/\/expotec103.fr\/index.php\/wp-json\/wp\/v2\/posts\/943"}],"collection":[{"href":"https:\/\/expotec103.fr\/index.php\/wp-json\/wp\/v2\/posts"}],"about":[{"href":"https:\/\/expotec103.fr\/index.php\/wp-json\/wp\/v2\/types\/post"}],"author":[{"embeddable":true,"href":"https:\/\/expotec103.fr\/index.php\/wp-json\/wp\/v2\/users\/1"}],"replies":[{"embeddable":true,"href":"https:\/\/expotec103.fr\/index.php\/wp-json\/wp\/v2\/comments?post=943"}],"version-history":[{"count":0,"href":"https:\/\/expotec103.fr\/index.php\/wp-json\/wp\/v2\/posts\/943\/revisions"}],"wp:attachment":[{"href":"https:\/\/expotec103.fr\/index.php\/wp-json\/wp\/v2\/media?parent=943"}],"wp:term":[{"taxonomy":"category","embeddable":true,"href":"https:\/\/expotec103.fr\/index.php\/wp-json\/wp\/v2\/categories?post=943"},{"taxonomy":"post_tag","embeddable":true,"href":"https:\/\/expotec103.fr\/index.php\/wp-json\/wp\/v2\/tags?post=943"}],"curies":[{"name":"wp","href":"https:\/\/api.w.org\/{rel}","templated":true}]}}