{"id":948,"date":"2013-08-31T08:27:26","date_gmt":"2013-08-31T07:27:26","guid":{"rendered":"http:\/\/www.expotec103.com\/?p=948"},"modified":"2013-08-31T08:27:26","modified_gmt":"2013-08-31T07:27:26","slug":"incendie-du-four-a-pain","status":"publish","type":"post","link":"https:\/\/expotec103.fr\/index.php\/2013\/08\/31\/incendie-du-four-a-pain\/","title":{"rendered":"Incendie du four \u00e0 pain"},"content":{"rendered":"<p>Mercredi 28 ao\u00fbt 2013 au matin, un incendie s\u2019est d\u00e9clar\u00e9 au four banal de la Pannevert. D\u2019origine criminelle, il a \u00e9t\u00e9 rapidement ma\u00eetris\u00e9 par les pompiers.<\/p>\n<p>La toiture et le mat\u00e9riel ont beaucoup souffert. Toutefois la motte et la chemin\u00e9e n\u2019ont apparemment pas \u00e9t\u00e9 touch\u00e9es.<\/p>\n<p>Cet incendie rend impossibles les fourn\u00e9es de pain de la saison 2013-2014. Il n\u2019y en aura donc pas pour les Journ\u00e9es du Patrimoine 2013.<\/p>\n<figure style=\"width: 500px\" class=\"wp-caption aligncenter\"><a title=\"Incendie du four banal de la Pannevert de zigazou76, sur Flickr\" href=\"http:\/\/www.flickr.com\/photos\/zigazou76\/9635505348\/\"><img loading=\"lazy\" decoding=\"async\" title=\"Incendie du four banal de la Pannevert\" src=\"http:\/\/farm6.staticflickr.com\/5546\/9635505348_8d5e62f678.jpg\" alt=\"Incendie du four banal de la Pannevert\" width=\"500\" height=\"332\" \/><\/a><figcaption class=\"wp-caption-text\">Incendie du four banal de la Pannevert<\/figcaption><\/figure>\n<figure style=\"width: 500px\" class=\"wp-caption aligncenter\"><a title=\"Incendie du four banal de la Pannevert de zigazou76, sur Flickr\" href=\"http:\/\/www.flickr.com\/photos\/zigazou76\/9635494690\/\"><img loading=\"lazy\" decoding=\"async\" title=\"Incendie du four banal de la Pannevert\" src=\"http:\/\/farm4.staticflickr.com\/3742\/9635494690_d96f7005da.jpg\" alt=\"Incendie du four banal de la Pannevert\" width=\"500\" height=\"332\" \/><\/a><figcaption class=\"wp-caption-text\">Incendie du four banal de la Pannevert<\/figcaption><\/figure>\n<figure style=\"width: 500px\" class=\"wp-caption aligncenter\"><a title=\"Incendie du four banal de la Pannevert de zigazou76, sur Flickr\" href=\"http:\/\/www.flickr.com\/photos\/zigazou76\/9632293539\/\"><img loading=\"lazy\" decoding=\"async\" title=\"Incendie du four banal de la Pannevert\" src=\"http:\/\/farm8.staticflickr.com\/7459\/9632293539_959cb05b97.jpg\" alt=\"Incendie du four banal de la Pannevert\" width=\"500\" height=\"332\" \/><\/a><figcaption class=\"wp-caption-text\">Incendie du four banal de la Pannevert<\/figcaption><\/figure>\n<figure style=\"width: 500px\" class=\"wp-caption aligncenter\"><a title=\"Int\u00e9rieur du four \u00e0 pain de zigazou76, sur Flickr\" href=\"http:\/\/www.flickr.com\/photos\/zigazou76\/9632304219\/\"><img loading=\"lazy\" decoding=\"async\" title=\"Int\u00e9rieur du four \u00e0 pain\" src=\"http:\/\/farm4.staticflickr.com\/3751\/9632304219_84691bf7b9.jpg\" alt=\"Int\u00e9rieur du four \u00e0 pain\" width=\"500\" height=\"332\" \/><\/a><figcaption class=\"wp-caption-text\">Int\u00e9rieur du four \u00e0 pain<\/figcaption><\/figure>\n<figure style=\"width: 332px\" class=\"wp-caption aligncenter\"><a title=\"La motte du four \u00e0 pain de zigazou76, sur Flickr\" href=\"http:\/\/www.flickr.com\/photos\/zigazou76\/9632320809\/\"><img loading=\"lazy\" decoding=\"async\" title=\"La motte du four \u00e0 pain\" src=\"http:\/\/farm8.staticflickr.com\/7396\/9632320809_f4b77e7601.jpg\" alt=\"La motte du four \u00e0 pain\" width=\"332\" height=\"500\" \/><\/a><figcaption class=\"wp-caption-text\">La motte du four \u00e0 pain<\/figcaption><\/figure>\n","protected":false},"excerpt":{"rendered":"<p>Mercredi 28 ao\u00fbt 2013 au matin, un incendie s\u2019est d\u00e9clar\u00e9 au four banal de la Pannevert. D\u2019origine criminelle, il a \u00e9t\u00e9 rapidement ma\u00eetris\u00e9 par les pompiers. La toiture et le mat\u00e9riel ont beaucoup souffert. Toutefois la motte et la chemin\u00e9e n\u2019ont apparemment pas \u00e9t\u00e9 touch\u00e9es. Cet incendie rend impossibles les fourn\u00e9es de pain de la &hellip; <a href=\"https:\/\/expotec103.fr\/index.php\/2013\/08\/31\/incendie-du-four-a-pain\/\" class=\"more-link\">Continuer la lecture de <span class=\"screen-reader-text\">Incendie du four \u00e0 pain<\/span><\/a><\/p>\n","protected":false},"author":1,"featured_media":0,"comment_status":"closed","ping_status":"closed","sticky":false,"template":"","format":"standard","meta":{"footnotes":""},"categories":[3,5],"tags":[],"_links":{"self":[{"href":"https:\/\/expotec103.fr\/index.php\/wp-json\/wp\/v2\/posts\/948"}],"collection":[{"href":"https:\/\/expotec103.fr\/index.php\/wp-json\/wp\/v2\/posts"}],"about":[{"href":"https:\/\/expotec103.fr\/index.php\/wp-json\/wp\/v2\/types\/post"}],"author":[{"embeddable":true,"href":"https:\/\/expotec103.fr\/index.php\/wp-json\/wp\/v2\/users\/1"}],"replies":[{"embeddable":true,"href":"https:\/\/expotec103.fr\/index.php\/wp-json\/wp\/v2\/comments?post=948"}],"version-history":[{"count":0,"href":"https:\/\/expotec103.fr\/index.php\/wp-json\/wp\/v2\/posts\/948\/revisions"}],"wp:attachment":[{"href":"https:\/\/expotec103.fr\/index.php\/wp-json\/wp\/v2\/media?parent=948"}],"wp:term":[{"taxonomy":"category","embeddable":true,"href":"https:\/\/expotec103.fr\/index.php\/wp-json\/wp\/v2\/categories?post=948"},{"taxonomy":"post_tag","embeddable":true,"href":"https:\/\/expotec103.fr\/index.php\/wp-json\/wp\/v2\/tags?post=948"}],"curies":[{"name":"wp","href":"https:\/\/api.w.org\/{rel}","templated":true}]}}