{"id":952,"date":"2013-09-06T19:01:31","date_gmt":"2013-09-06T18:01:31","guid":{"rendered":"http:\/\/www.expotec103.com\/?p=952"},"modified":"2013-09-06T19:01:31","modified_gmt":"2013-09-06T18:01:31","slug":"programme-des-journees-du-patrimoine-2013-au-chs","status":"publish","type":"post","link":"https:\/\/expotec103.fr\/index.php\/2013\/09\/06\/programme-des-journees-du-patrimoine-2013-au-chs\/","title":{"rendered":"Programme des Journ\u00e9es du patrimoine 2013 au CHS"},"content":{"rendered":"<figure style=\"width: 213px\" class=\"wp-caption alignright\"><a title=\"Ernestine de zigazou76, sur Flickr\" href=\"http:\/\/www.flickr.com\/photos\/zigazou76\/6802789152\/\"><img loading=\"lazy\" decoding=\"async\" title=\"Ernestine\" src=\"http:\/\/farm8.staticflickr.com\/7196\/6802789152_499ba6b828_n.jpg\" alt=\"Ernestine\" width=\"213\" height=\"320\" \/><\/a><figcaption class=\"wp-caption-text\">Ernestine<\/figcaption><\/figure>\n<p>Le Centre d\u2019Histoire Sociale participe \u00e0 la 30e \u00e9dition des Journ\u00e9es du patrimoine avec un week-end portes ouvertes ayant pour th\u00e8me \u201c<strong>1913-2013 : cent ans de protection du patrimoine<\/strong>\u201d.<\/p>\n<p>Le week-end se d\u00e9roule samedi 14 et dimanche 15 septembre 2013, de 10h \u00e0 12h et de 14h \u00e0 18h, l\u2019entr\u00e9e est gratuite.<\/p>\n<h2>Ernestine<\/h2>\n<p>Cela fait tout juste 100 ans qu\u2019Ernestine, une des machines \u00e0 vapeur en retraite chez nous, est sortie des usines Cr\u00e9pelle. No\u00ebl Grancant, son m\u00e9canicien, l\u2019a entretenu jusqu\u2019\u00e0 sa r\u00e9sidence actuelle.<\/p>\n<p>D\u00e9mont\u00e9e dans son usine de Monchaux-Soreng et remont\u00e9e au moulin Saint-Gilles par Laurent et Dominique, entretenue par Christian et S\u00e9bastien, nos b\u00e9n\u00e9voles s\u2019emploient \u00e0 transmettre ce t\u00e9moignage industriel aux g\u00e9n\u00e9rations futures.<\/p>\n<p>Ernestine sera pr\u00e9sent\u00e9e en fonctionnement tout au long du week-end.<\/p>\n<h2>Moteur Ruston<\/h2>\n<p>Le Centre d\u2019Histoire Sociale est heureux de vous pr\u00e9senter son tout dernier moteur remis en route : un moteur diesel Ruston de 40 chevaux.<\/p>\n<p>Pour expliquer l\u2019utilit\u00e9 des moteurs aux visiteurs, ce moteur alimente en \u00e9nergie m\u00e9canique un tour.<\/p>\n<p>Il sera mis en route <strong>dimanche \u00e0 11h<\/strong>.<\/p>\n<figure style=\"width: 500px\" class=\"wp-caption aligncenter\"><a title=\"Moteur Ruston de zigazou76, sur Flickr\" href=\"http:\/\/www.flickr.com\/photos\/zigazou76\/9549758502\/\"><img loading=\"lazy\" decoding=\"async\" title=\"Moteur Ruston\" src=\"http:\/\/farm6.staticflickr.com\/5463\/9549758502_45328d3d76.jpg\" alt=\"Moteur Ruston\" width=\"500\" height=\"332\" \/><\/a><figcaption class=\"wp-caption-text\">Moteur Ruston<\/figcaption><\/figure>\n<h2>Le petit train de Houppeville<\/h2>\n<p>Confi\u00e9 cette ann\u00e9e \u00e0 l\u2019association, le petit train de Houppeville sera pr\u00e9sent\u00e9 en cours de restauration. Il sera accompagn\u00e9 d\u2019une exposition photographique de L\u00e9a et Laure sur le Pacific Vapeur Club.<\/p>\n<figure style=\"width: 500px\" class=\"wp-caption aligncenter\"><a title=\"Petit train de Houppeville de zigazou76, sur Flickr\" href=\"http:\/\/www.flickr.com\/photos\/zigazou76\/9194200756\/\"><img loading=\"lazy\" decoding=\"async\" title=\"Petit train de Houppeville\" src=\"http:\/\/farm8.staticflickr.com\/7410\/9194200756_984d27a986.jpg\" alt=\"Petit train de Houppeville\" width=\"500\" height=\"333\" \/><\/a><figcaption class=\"wp-caption-text\">Petit train de Houppeville<\/figcaption><\/figure>\n<h2>L\u2019\u00e9nergie<\/h2>\n<p>En plus d\u2019Ernestine et du moteur Ruston, le Centre d\u2019Histoire Sociale propose une d\u00e9couverte de l\u2019\u00e9nergie sous toutes ses formes :<\/p>\n<ul>\n<li>Marine, machine \u00e0 vapeur Dujardin,<\/li>\n<li>dynamos de Gramme,<\/li>\n<li>roue \u00e0 aubes,<\/li>\n<li>alternateurs,<\/li>\n<li>vilebrequin de locomotive entretenu par Marie.<\/li>\n<\/ul>\n<p>L\u2019\u00e9nergie est \u00e9galement repr\u00e9sent\u00e9e par la toute r\u00e9cente salle Gervais et ses mod\u00e8les r\u00e9duits de machines \u00e0 vapeur ou ses dioramas d\u2019ateliers d\u2019usine.<\/p>\n<ul><\/ul>\n<figure style=\"width: 500px\" class=\"wp-caption aligncenter\"><a title=\"Machine \u00e0 vapeur triple expansion de zigazou76, sur Flickr\" href=\"http:\/\/www.flickr.com\/photos\/zigazou76\/8665301585\/\"><img loading=\"lazy\" decoding=\"async\" title=\"Machine \u00e0 vapeur triple expansion\" src=\"http:\/\/farm9.staticflickr.com\/8258\/8665301585_a2382f6eda.jpg\" alt=\"Machine \u00e0 vapeur triple expansion\" width=\"500\" height=\"332\" \/><\/a><figcaption class=\"wp-caption-text\">Machine \u00e0 vapeur triple expansion<\/figcaption><\/figure>\n<h2>L\u2019imprimerie<\/h2>\n<p>Pendant tout le week-end, l\u2019atelier typographique de l\u2019association vous fera d\u00e9couvrir l\u2019imprimerie de Gutenberg \u00e0 nos jours. Les enfants et les grands enfants pourront se mettre dans la peau des typographes d\u2019autrefois en composant une affichette orn\u00e9e de leur pr\u00e9nom.<\/p>\n<figure style=\"width: 500px\" class=\"wp-caption aligncenter\"><a title=\"Composition d\u2019initiation de zigazou76, sur Flickr\" href=\"http:\/\/www.flickr.com\/photos\/zigazou76\/8690976055\/\"><img loading=\"lazy\" decoding=\"async\" title=\"Composition d\u2019initiation\" src=\"http:\/\/farm9.staticflickr.com\/8545\/8690976055_4ce4315e1c.jpg\" alt=\"Composition d\u2019initiation\" width=\"500\" height=\"332\" \/><\/a><figcaption class=\"wp-caption-text\">Composition d\u2019initiation<\/figcaption><\/figure>\n<h2>Le travail de la mati\u00e8re<\/h2>\n<p>Expotec est riche de machines permettant le travail de la mati\u00e8re, surtout le m\u00e9tal :<\/p>\n<ul>\n<li>forge Mustad,<\/li>\n<li>marteau-pilon Demoor,<\/li>\n<li>tour,<\/li>\n<li>\u00e9tau-limeur,<\/li>\n<li>mortaiseuse,<\/li>\n<li>fraiseuse,<\/li>\n<li>tour \u00e0 polir,<\/li>\n<li>scie alternative.<\/li>\n<\/ul>\n<p>Des d\u00e9monstrations de polissage seront r\u00e9alis\u00e9es et une initiation expliquera aux visiteurs les principes de la forge.<\/p>\n<figure style=\"width: 500px\" class=\"wp-caption aligncenter\"><a title=\"Foyer de zigazou76, sur Flickr\" href=\"http:\/\/www.flickr.com\/photos\/zigazou76\/8225296508\/\"><img loading=\"lazy\" decoding=\"async\" title=\"Foyer\" src=\"http:\/\/farm9.staticflickr.com\/8348\/8225296508_c04bf35614.jpg\" alt=\"Foyer\" width=\"500\" height=\"333\" \/><\/a><figcaption class=\"wp-caption-text\">Foyer<\/figcaption><\/figure>\n<h2>Invit\u00e9s<\/h2>\n<p>Pour cette 30e \u00e9dition, le Centre d\u2019Histoire Sociale accueillera :<\/p>\n<ul>\n<li><strong>Yvon Robert<\/strong>, Maire de Rouen,<\/li>\n<li><strong>Ludovic Delesque<\/strong>, Conseiller G\u00e9n\u00e9ral et Conseiller Municipal,<\/li>\n<li><strong>Marc P\u00e9rignon<\/strong>, PDG des \u00c9tablissements Morisse Nayrat et membre des Entreprises du Patrimoine Vivant.<\/li>\n<\/ul>\n","protected":false},"excerpt":{"rendered":"<p>Le Centre d\u2019Histoire Sociale participe \u00e0 la 30e \u00e9dition des Journ\u00e9es du patrimoine avec un week-end portes ouvertes ayant pour th\u00e8me \u201c1913-2013 : cent ans de protection du patrimoine\u201d. Le week-end se d\u00e9roule samedi 14 et dimanche 15 septembre 2013, de 10h \u00e0 12h et de 14h \u00e0 18h, l\u2019entr\u00e9e est gratuite. Ernestine Cela fait &hellip; <a href=\"https:\/\/expotec103.fr\/index.php\/2013\/09\/06\/programme-des-journees-du-patrimoine-2013-au-chs\/\" class=\"more-link\">Continuer la lecture de <span class=\"screen-reader-text\">Programme des Journ\u00e9es du patrimoine 2013 au CHS<\/span><\/a><\/p>\n","protected":false},"author":1,"featured_media":0,"comment_status":"closed","ping_status":"closed","sticky":false,"template":"","format":"standard","meta":{"footnotes":""},"categories":[8,12],"tags":[],"_links":{"self":[{"href":"https:\/\/expotec103.fr\/index.php\/wp-json\/wp\/v2\/posts\/952"}],"collection":[{"href":"https:\/\/expotec103.fr\/index.php\/wp-json\/wp\/v2\/posts"}],"about":[{"href":"https:\/\/expotec103.fr\/index.php\/wp-json\/wp\/v2\/types\/post"}],"author":[{"embeddable":true,"href":"https:\/\/expotec103.fr\/index.php\/wp-json\/wp\/v2\/users\/1"}],"replies":[{"embeddable":true,"href":"https:\/\/expotec103.fr\/index.php\/wp-json\/wp\/v2\/comments?post=952"}],"version-history":[{"count":0,"href":"https:\/\/expotec103.fr\/index.php\/wp-json\/wp\/v2\/posts\/952\/revisions"}],"wp:attachment":[{"href":"https:\/\/expotec103.fr\/index.php\/wp-json\/wp\/v2\/media?parent=952"}],"wp:term":[{"taxonomy":"category","embeddable":true,"href":"https:\/\/expotec103.fr\/index.php\/wp-json\/wp\/v2\/categories?post=952"},{"taxonomy":"post_tag","embeddable":true,"href":"https:\/\/expotec103.fr\/index.php\/wp-json\/wp\/v2\/tags?post=952"}],"curies":[{"name":"wp","href":"https:\/\/api.w.org\/{rel}","templated":true}]}}