{"id":986,"date":"2014-02-27T08:42:45","date_gmt":"2014-02-27T07:42:45","guid":{"rendered":"http:\/\/www.expotec103.com\/?p=986"},"modified":"2014-02-27T08:42:45","modified_gmt":"2014-02-27T07:42:45","slug":"chantier-du-four-a-pain","status":"publish","type":"post","link":"https:\/\/expotec103.fr\/index.php\/2014\/02\/27\/chantier-du-four-a-pain\/","title":{"rendered":"Chantier du four \u00e0 pain"},"content":{"rendered":"<p>Le chantier du four \u00e0 pain de l\u2019esplanade Jean-Pierre-Engelhard\u00a0 a d\u00e9but\u00e9 cette semaine !<\/p>\n<p>Le projet est port\u00e9 par le Centre d\u2019Histoire Sociale sous l\u2019\u00e9gide de la <a title=\"Site officiel de la FFB Rouen Dieppe\" href=\"http:\/\/www.d76a.ffbatiment.fr\/\">F\u00e9d\u00e9ration Fran\u00e7aise du B\u00e2timent Rouen Dieppe (FFB Rouen Dieppe)<\/a> avec la participation du <a title=\"Site officiel du BTP-CFA Haute-Normandie\" href=\"http:\/\/www.cfabtp-hn.com\">BTP-CFA Haute-Normandie<\/a> et des ateliers AVA de\u00a0 l\u2019association \u00c9mergence(s).<\/p>\n<p>Ce chantier ne serait possible sans le soutien de :<\/p>\n<ul>\n<li><a title=\"Site officiel de la Ville de Rouen\" href=\"http:\/\/www.rouen.fr\/\">la Ville de Rouen<\/a>,<\/li>\n<li><a title=\"Site officiel de la Ville de Darn\u00e9tal\" href=\"http:\/\/www.ville-darnetal.fr\/\">la Ville de Darn\u00e9tal<\/a>,<\/li>\n<li><a title=\"Site officiel du D\u00e9partement de Seine-Maritime\" href=\"http:\/\/www.seinemaritime.net\">le D\u00e9partement de Seine-Maritime<\/a>,<\/li>\n<li><a title=\"Site officiel du journal Paris-Normandie\" href=\"http:\/\/www.paris-normandie.com\/\">Paris-Normandie<\/a>,<\/li>\n<li><a title=\"Page du magasin Castorama Rouen Darn\u00e9tal\" href=\"http:\/\/magasins.castorama.fr\/4254-castorama-darnetal\">Castorama Rouen<\/a>,<\/li>\n<li><a title=\"Site officiel de l\u2019entreprise Dispano, bois, panneaux, menuiseries\" href=\"http:\/\/www.dispano.fr\/\">Dispano, bois, panneaux, menuiseries<\/a>,<\/li>\n<li><a title=\"Page d\u2019Arnor Mat\u00e9riaux\" href=\"http:\/\/www.starmat.fr\/index.php?option=com_content&amp;view=article&amp;id=32&amp;Itemid=5\">Arnor Mat\u00e9riaux<\/a>,<\/li>\n<li><a title=\"Page de Brico D\u00e9p\u00f4t Rouen\" href=\"http:\/\/www.bricodepot.fr\/rouen\">Brico D\u00e9p\u00f4t Rouen<\/a>,<\/li>\n<li><a title=\"Site officiel de l\u2019entreprise T2C\" href=\"http:\/\/www.t2cbatiment.fr\/\">T2C, entreprise du b\u00e2timent<\/a>,<\/li>\n<li>et tous les g\u00e9n\u00e9reux donateurs.<\/li>\n<\/ul>\n<p>Si le chantier a d\u00e9but\u00e9 cette semaine, il aura n\u00e9cessit\u00e9 des travaux pr\u00e9alables au moulin Saint-Gilles o\u00f9 les b\u00e9n\u00e9voles ont pr\u00e9par\u00e9 les mat\u00e9riaux n\u00e9cessaires. Le chantier est interdit au public mais les grilles vous permettront de constater son \u00e9volution.<\/p>\n<ul><\/ul>\n<figure style=\"width: 332px\" class=\"wp-caption aligncenter\"><a title=\"Poutres en attente de zigazou76, sur Flickr\" href=\"http:\/\/www.flickr.com\/photos\/zigazou76\/12808918555\/\"><img loading=\"lazy\" decoding=\"async\" title=\"Poutres en attente\" src=\"http:\/\/farm4.staticflickr.com\/3727\/12808918555_54143e589a.jpg\" alt=\"Poutres en attente\" width=\"332\" height=\"500\" \/><\/a><figcaption class=\"wp-caption-text\">Poutres en attente<\/figcaption><\/figure>\n<figure style=\"width: 333px\" class=\"wp-caption aligncenter\"><a title=\"Pr\u00e9paration des poutres de zigazou76, sur Flickr\" href=\"http:\/\/www.flickr.com\/photos\/zigazou76\/12808981113\/\"><img loading=\"lazy\" decoding=\"async\" title=\"Pr\u00e9paration des poutres\" src=\"http:\/\/farm8.staticflickr.com\/7301\/12808981113_c8dd9819c2.jpg\" alt=\"Pr\u00e9paration des poutres\" width=\"333\" height=\"500\" \/><\/a><figcaption class=\"wp-caption-text\">Pr\u00e9paration des poutres<\/figcaption><\/figure>\n<figure style=\"width: 500px\" class=\"wp-caption aligncenter\"><a title=\"Chantier interdit au public de zigazou76, sur Flickr\" href=\"http:\/\/www.flickr.com\/photos\/zigazou76\/12797516123\/\"><img loading=\"lazy\" decoding=\"async\" title=\"Chantier interdit au public\" src=\"http:\/\/farm8.staticflickr.com\/7392\/12797516123_2a838e6421.jpg\" alt=\"Chantier interdit au public\" width=\"500\" height=\"333\" \/><\/a><figcaption class=\"wp-caption-text\">Chantier interdit au public<\/figcaption><\/figure>\n<figure style=\"width: 500px\" class=\"wp-caption aligncenter\"><a title=\"Chantier du four banal de la Pannevert de zigazou76, sur Flickr\" href=\"http:\/\/www.flickr.com\/photos\/zigazou76\/12756511064\/\"><img loading=\"lazy\" decoding=\"async\" title=\"Chantier du four banal de la Pannevert\" src=\"http:\/\/farm4.staticflickr.com\/3682\/12756511064_226a03c6b7.jpg\" alt=\"Chantier du four banal de la Pannevert\" width=\"500\" height=\"332\" \/><\/a><figcaption class=\"wp-caption-text\">Chantier du four banal de la Pannevert<\/figcaption><\/figure>\n<figure style=\"width: 500px\" class=\"wp-caption aligncenter\"><a title=\"Chantier du four banal de la Pannevert de zigazou76, sur Flickr\" href=\"http:\/\/www.flickr.com\/photos\/zigazou76\/12797545613\/\"><img loading=\"lazy\" decoding=\"async\" title=\"Chantier du four banal de la Pannevert\" src=\"http:\/\/farm3.staticflickr.com\/2834\/12797545613_4b4e0e581c.jpg\" alt=\"Chantier du four banal de la Pannevert\" width=\"500\" height=\"333\" \/><\/a><figcaption class=\"wp-caption-text\">Chantier du four banal de la Pannevert<\/figcaption><\/figure>\n<p><a title=\"Galerie du chantier du four \u00e0 pain\" href=\"http:\/\/www.flickr.com\/photos\/zigazou76\/sets\/72157641479601484\">Retrouvez la galerie du chantier sur Flickr<\/a>.<\/p>\n","protected":false},"excerpt":{"rendered":"<p>Le chantier du four \u00e0 pain de l\u2019esplanade Jean-Pierre-Engelhard\u00a0 a d\u00e9but\u00e9 cette semaine ! Le projet est port\u00e9 par le Centre d\u2019Histoire Sociale sous l\u2019\u00e9gide de la F\u00e9d\u00e9ration Fran\u00e7aise du B\u00e2timent Rouen Dieppe (FFB Rouen Dieppe) avec la participation du BTP-CFA Haute-Normandie et des ateliers AVA de\u00a0 l\u2019association \u00c9mergence(s). Ce chantier ne serait possible sans &hellip; <a href=\"https:\/\/expotec103.fr\/index.php\/2014\/02\/27\/chantier-du-four-a-pain\/\" class=\"more-link\">Continuer la lecture de <span class=\"screen-reader-text\">Chantier du four \u00e0 pain<\/span><\/a><\/p>\n","protected":false},"author":1,"featured_media":0,"comment_status":"closed","ping_status":"closed","sticky":false,"template":"","format":"standard","meta":{"footnotes":""},"categories":[5,6],"tags":[],"_links":{"self":[{"href":"https:\/\/expotec103.fr\/index.php\/wp-json\/wp\/v2\/posts\/986"}],"collection":[{"href":"https:\/\/expotec103.fr\/index.php\/wp-json\/wp\/v2\/posts"}],"about":[{"href":"https:\/\/expotec103.fr\/index.php\/wp-json\/wp\/v2\/types\/post"}],"author":[{"embeddable":true,"href":"https:\/\/expotec103.fr\/index.php\/wp-json\/wp\/v2\/users\/1"}],"replies":[{"embeddable":true,"href":"https:\/\/expotec103.fr\/index.php\/wp-json\/wp\/v2\/comments?post=986"}],"version-history":[{"count":0,"href":"https:\/\/expotec103.fr\/index.php\/wp-json\/wp\/v2\/posts\/986\/revisions"}],"wp:attachment":[{"href":"https:\/\/expotec103.fr\/index.php\/wp-json\/wp\/v2\/media?parent=986"}],"wp:term":[{"taxonomy":"category","embeddable":true,"href":"https:\/\/expotec103.fr\/index.php\/wp-json\/wp\/v2\/categories?post=986"},{"taxonomy":"post_tag","embeddable":true,"href":"https:\/\/expotec103.fr\/index.php\/wp-json\/wp\/v2\/tags?post=986"}],"curies":[{"name":"wp","href":"https:\/\/api.w.org\/{rel}","templated":true}]}}