{"id":989,"date":"2014-05-02T05:51:31","date_gmt":"2014-05-02T04:51:31","guid":{"rendered":"http:\/\/www.expotec103.com\/?p=989"},"modified":"2014-05-02T05:51:31","modified_gmt":"2014-05-02T04:51:31","slug":"saint-jean-porte-latine-2014-saint-honore-2014","status":"publish","type":"post","link":"https:\/\/expotec103.fr\/index.php\/2014\/05\/02\/saint-jean-porte-latine-2014-saint-honore-2014\/","title":{"rendered":"Saint-Jean-Porte-Latine 2014 &#038; Saint-Honor\u00e9 2014"},"content":{"rendered":"<p>Cette ann\u00e9e, le Centre d\u2019Histoire Sociale f\u00eate imprimeurs et boulangers le week-end du <strong>17 au 18 mai 2014<\/strong>.<\/p>\n<h2>Du c\u00f4t\u00e9 des imprimeurs : la vie d\u2019une lettre<\/h2>\n<p>Les animations ont lieu \u00e0 Expotec 103, Moulin Saint-Gilles, 13 rue Saint-Gilles \u00e0 Rouen.<\/p>\n<h3>Histoire de l\u2019\u00e9criture<\/h3>\n<p>Le th\u00e8me de cette ann\u00e9e est la vie d\u2019une lettre, des premi\u00e8res traces \u00e9crites \u00e0 l\u2019impression contemporaine. \u00c0 cette occasion, le <a title=\"Sites du Club des Collectionneurs d\u2019Objets d\u2019\u00c9criture\" href=\"http:\/\/ccoe.pagesperso-orange.fr\/\">Club des Collectionneurs d\u2019Objets d\u2019\u00c9criture Fran\u00e7ais (CCOE)<\/a> pr\u00e9sentera une <strong>exposition sur l\u2019histoire de l\u2019\u00e9criture<\/strong>.<\/p>\n<h3>Invit\u00e9s<\/h3>\n<p>Le Centre d\u2019Histoire Sociale a invit\u00e9 les personnes suivantes qui tiendront un stand pendant le week-end :<\/p>\n<ul>\n<li>Pascal Debacque, illustrateur, graphiste, designer (r\u00e9alisation de caricatures et livres pour enfants),<\/li>\n<li>Sylvia Arimal, reliure (d\u00e9monstration),<\/li>\n<li>Jocelyne Bouffard, reliure (d\u00e9monstration),<\/li>\n<li>Laurent Savisky, peinte en lettres (exposition),<\/li>\n<li>Jean-Paul Caron, calamophile (exposition de plumes),<\/li>\n<li>Bruno Galmiche, Rouen Lecture (vente de livrets),<\/li>\n<li>Cara, graphiste (exposition).<\/li>\n<\/ul>\n<figure style=\"width: 500px\" class=\"wp-caption aligncenter\"><a title=\"Pascal Debacque de zigazou76, sur Flickr\" href=\"https:\/\/www.flickr.com\/photos\/zigazou76\/8690791286\/\"><img loading=\"lazy\" decoding=\"async\" title=\"Pascal Debacque\" src=\"https:\/\/farm8.staticflickr.com\/7055\/8690791286_11877e8ff9.jpg\" alt=\"Pascal Debacque\" width=\"500\" height=\"332\" \/><\/a><figcaption class=\"wp-caption-text\">Pascal Debacque<\/figcaption><\/figure>\n<figure style=\"width: 332px\" class=\"wp-caption aligncenter\"><a title=\"Jocelyne travaillant sur la reliure d\u2019un livre de zigazou76, sur Flickr\" href=\"https:\/\/www.flickr.com\/photos\/zigazou76\/8298329846\/\"><img loading=\"lazy\" decoding=\"async\" title=\"Jocelyne Bouffard\" src=\"https:\/\/farm9.staticflickr.com\/8491\/8298329846_dbed831ebf.jpg\" alt=\"Jocelyne Bouffard\" width=\"332\" height=\"500\" \/><\/a><figcaption class=\"wp-caption-text\">Jocelyne Bouffard<\/figcaption><\/figure>\n<figure style=\"width: 500px\" class=\"wp-caption aligncenter\"><a title=\"Plumes de zigazou76, sur Flickr\" href=\"https:\/\/www.flickr.com\/photos\/zigazou76\/8691025793\/\"><img loading=\"lazy\" decoding=\"async\" title=\"Plumes\" src=\"https:\/\/farm9.staticflickr.com\/8406\/8691025793_c75506c647.jpg\" alt=\"Plumes\" width=\"500\" height=\"333\" \/><\/a><figcaption class=\"wp-caption-text\">Plumes<\/figcaption><\/figure>\n<h3>Animations autour de l\u2019imprimerie<\/h3>\n<p>Pour les <strong>enfants<\/strong> (mais aussi pour les grands), l\u2019association propre <strong>Imprime ton pr\u00e9nom<\/strong>. Le temps de quelques instants, l\u2019enfant est transform\u00e9 en typographe. Il d\u00e9couvrira et manipulera la casse, le composteur, le ch\u00e2ssis, les serrages, l\u2019encre, le rouleau et la presse \u00e0 bras. Le mat\u00e9riel et les mat\u00e9riaux sont fournis. Attention ! L\u2019encre d\u2019imprimerie fait des t\u00e2ches ind\u00e9l\u00e9biles, pr\u00e9voyez des v\u00eatements en cons\u00e9quence.<\/p>\n<figure style=\"width: 500px\" class=\"wp-caption aligncenter\"><a title=\"Initiation \u00e0 l\u2019imprimerie de zigazou76, sur Flickr\" href=\"https:\/\/www.flickr.com\/photos\/zigazou76\/9936790045\/\"><img loading=\"lazy\" decoding=\"async\" title=\"Initiation \u00e0 l\u2019imprimerie\" src=\"https:\/\/farm6.staticflickr.com\/5523\/9936790045_a8ea721b08.jpg\" alt=\"Initiation \u00e0 l\u2019imprimerie\" width=\"500\" height=\"332\" \/><\/a><figcaption class=\"wp-caption-text\">Initiation \u00e0 l\u2019imprimerie<\/figcaption><\/figure>\n<p>Pendant tout le week-end, les \u00e9quipements de l\u2019atelier typographique seront en activit\u00e9 :<\/p>\n<ul>\n<li>presse \u00e0 bras Stanhope (fin XVIIIe),<\/li>\n<li>platine Heidelberg (1950),<\/li>\n<li>presse \u00e0 rouleau pour les affiches,<\/li>\n<li>Linotype,<\/li>\n<li>caract\u00e8res d\u2019imprimerie (plomb, bois, plastique),<\/li>\n<li>vignettes (cuivre, zinc, bois etc.),<\/li>\n<li>mat\u00e9riel de l\u2019imprimeur typographe (casse, composteur, ch\u00e2ssis, serrage, encre, num\u00e9roteur, rouleau, typom\u00e8tre, coupoir, etc.)<\/li>\n<\/ul>\n<figure style=\"width: 500px\" class=\"wp-caption aligncenter\"><a title=\"Laurent sur l\u2019Heidelberg de zigazou76, sur Flickr\" href=\"https:\/\/www.flickr.com\/photos\/zigazou76\/4663506577\/\"><img loading=\"lazy\" decoding=\"async\" title=\"Laurent sur l\u2019Heidelberg\" src=\"https:\/\/farm5.staticflickr.com\/4055\/4663506577_6b3943195a.jpg\" alt=\"Laurent sur l\u2019Heidelberg\" width=\"500\" height=\"336\" \/><\/a><figcaption class=\"wp-caption-text\">Laurent sur l\u2019HeidelbergLaurent sur l\u2019Heidelberg<\/figcaption><\/figure>\n<figure style=\"width: 500px\" class=\"wp-caption aligncenter\"><a title=\"Composteur rempli de zigazou76, sur Flickr\" href=\"https:\/\/www.flickr.com\/photos\/zigazou76\/6334360757\/\"><img loading=\"lazy\" decoding=\"async\" title=\"Composteur rempli\" src=\"https:\/\/farm7.staticflickr.com\/6217\/6334360757_c5c2eb5f97.jpg\" alt=\"Composteur rempli\" width=\"500\" height=\"333\" \/><\/a><figcaption class=\"wp-caption-text\">Composteur rempli<\/figcaption><\/figure>\n<h3>Autres animations<\/h3>\n<p>Pendant tout le week-end, Expotec 103 sera anim\u00e9 :<\/p>\n<ul>\n<li><strong>travail du m\u00e9tal<\/strong> : forge, marteau-pilon, usinage, polissage,<\/li>\n<li><strong>\u00e9nergie<\/strong> : machines \u00e0 vapeur, moteurs Diesel, dynamos de Gramme.<\/li>\n<\/ul>\n<p>Les b\u00e9n\u00e9voles de l\u2019association vous attendent pour vous expliquer ces machines et vous en faire des d\u00e9monstrations.<\/p>\n<figure style=\"width: 500px\" class=\"wp-caption aligncenter\"><a title=\"Autour de la forge Mustad de zigazou76, sur Flickr\" href=\"https:\/\/www.flickr.com\/photos\/zigazou76\/8224250915\/\"><img loading=\"lazy\" decoding=\"async\" title=\"Autour de la forge Mustad\" src=\"https:\/\/farm9.staticflickr.com\/8484\/8224250915_12e3fbf382.jpg\" alt=\"Autour de la forge Mustad\" width=\"500\" height=\"332\" \/><\/a><figcaption class=\"wp-caption-text\">Autour de la forge Mustad<\/figcaption><\/figure>\n<figure style=\"width: 500px\" class=\"wp-caption aligncenter\"><a title=\"Machine Cr\u00e9pelle de zigazou76, sur Flickr\" href=\"https:\/\/www.flickr.com\/photos\/zigazou76\/3599972905\/\"><img loading=\"lazy\" decoding=\"async\" title=\"Machine Cr\u00e9pelle\" src=\"https:\/\/farm4.staticflickr.com\/3295\/3599972905_a96da2530b.jpg\" alt=\"Machine Cr\u00e9pelle\" width=\"500\" height=\"375\" \/><\/a><figcaption class=\"wp-caption-text\">Machine Cr\u00e9pelle<\/figcaption><\/figure>\n<figure style=\"width: 500px\" class=\"wp-caption aligncenter\"><a title=\"D\u00e9monstration de polissage de zigazou76, sur Flickr\" href=\"https:\/\/www.flickr.com\/photos\/zigazou76\/5012785576\/\"><img loading=\"lazy\" decoding=\"async\" title=\"D\u00e9monstration de polissage\" src=\"https:\/\/farm5.staticflickr.com\/4133\/5012785576_bf82827ebd.jpg\" alt=\"D\u00e9monstration de polissage\" width=\"500\" height=\"336\" \/><\/a><figcaption class=\"wp-caption-text\">D\u00e9monstration de polissage<\/figcaption><\/figure>\n<h3>Informations<\/h3>\n<p>Les horaires :<\/p>\n<ul>\n<li>samedi de 14h \u00e0 18h,<\/li>\n<li>dimanche de 10h \u00e0 12h et de 14h \u00e0 18h.<\/li>\n<\/ul>\n<p>Tarifs :<\/p>\n<ul>\n<li>2\u20ac par personne,<\/li>\n<li>gratuit pour les moins de 12 ans<\/li>\n<li>gratuit pour les adh\u00e9rents.<\/li>\n<\/ul>\n<h2>Du c\u00f4t\u00e9 des boulangers<\/h2>\n<p>Les animations ont lieu au four banal de la Pannevert, esplanade Jean-Pierre-Engelhard \u00e0 Rouen (en face du moulin de la Pannevert).<\/p>\n<p>La Saint-Honor\u00e9 2014 est l\u2019occasion pour le Centre d\u2019Histoire Sociale de relancer le four banal de la Pannevert apr\u00e8s les d\u00e9g\u00e2ts subits en 2013.<\/p>\n<p><strong>Vendredi 16 mai \u00e0 18h<\/strong>, la premi\u00e8re fourn\u00e9e sera exceptionnellement assur\u00e9e par :<\/p>\n<ul>\n<li><strong>Beno\u00eet Vatelier<\/strong> (Champion de France 1997 de la meilleure brioche, 3e de la meilleure boulangerie de France 2013),<\/li>\n<li><strong>Christophe Rouget<\/strong> (Baguette d\u2019Or du Val d\u2019Oise 2012, Laur\u00e9at de la meilleure boulangerie de France 2013).<\/li>\n<\/ul>\n<p><strong>Durant le week-end<\/strong>, nos boulangers b\u00e9n\u00e9voles r\u00e9aliseront boules de pain et brioches mises en vente sur place.<\/p>\n<p>Le four banal de la Pannevert est un four \u00e0 bois \u00e0 l\u2019ancienne. Les plus curieux pourront le visiter et voir ainsi comment nos anc\u00eatres pr\u00e9paraient leur pain.<\/p>\n<p>Sa restauration n\u2019aurait pu avoir lieu sans le soutien des collectivit\u00e9s, des f\u00e9d\u00e9rations et des associations dont nous remercions ici :<\/p>\n<ul>\n<li>Yvon Robert, Maire de Rouen,<\/li>\n<li>Ludovic Delesque, Conseiller G\u00e9n\u00e9ral,<\/li>\n<li>Christian Lecerf, Maire de Darn\u00e9tal,<\/li>\n<li>Fran\u00e7ois Lepr\u00eatre, Pr\u00e9sident de la F\u00e9d\u00e9ration Fran\u00e7aise du B\u00e2timent Rouen-Dieppe,<\/li>\n<li>Marc Lamy, Pr\u00e9sident de BTP-CFA de Haute-Normandie,<\/li>\n<li>\u00c9ric Alexandre, Pr\u00e9sident d\u2019\u00c9mergence(s),<\/li>\n<li>Jean-Paul Martin, Pr\u00e9sident de la F\u00e9d\u00e9ration de la Boulangerie-P\u00e2tisserie 76,<\/li>\n<li>Michel Hubert, Vice-Pr\u00e9sident de la Chambre de M\u00e9tiers et Artisanat.<\/li>\n<\/ul>\n<figure style=\"width: 500px\" class=\"wp-caption aligncenter\"><a title=\"Chantier du four banal de la Pannevert de zigazou76, sur Flickr\" href=\"https:\/\/www.flickr.com\/photos\/zigazou76\/13731168825\/\"><img loading=\"lazy\" decoding=\"async\" title=\"Chantier du four banal de la Pannevert\" src=\"https:\/\/farm8.staticflickr.com\/7224\/13731168825_fee6de6695.jpg\" alt=\"Chantier du four banal de la Pannevert\" width=\"500\" height=\"333\" \/><\/a><figcaption class=\"wp-caption-text\">Chantier du four banal de la Pannevert<\/figcaption><\/figure>\n<figure style=\"width: 500px\" class=\"wp-caption aligncenter\"><a title=\"Pain de zigazou76, sur Flickr\" href=\"https:\/\/www.flickr.com\/photos\/zigazou76\/8224414755\/\"><img loading=\"lazy\" decoding=\"async\" title=\"Pain\" src=\"https:\/\/farm9.staticflickr.com\/8206\/8224414755_e90dbf9e9d.jpg\" alt=\"Pain\" width=\"500\" height=\"332\" \/><\/a><figcaption class=\"wp-caption-text\">Pain<\/figcaption><\/figure>\n","protected":false},"excerpt":{"rendered":"<p>Cette ann\u00e9e, le Centre d\u2019Histoire Sociale f\u00eate imprimeurs et boulangers le week-end du 17 au 18 mai 2014. Du c\u00f4t\u00e9 des imprimeurs : la vie d\u2019une lettre Les animations ont lieu \u00e0 Expotec 103, Moulin Saint-Gilles, 13 rue Saint-Gilles \u00e0 Rouen. Histoire de l\u2019\u00e9criture Le th\u00e8me de cette ann\u00e9e est la vie d\u2019une lettre, des &hellip; <a href=\"https:\/\/expotec103.fr\/index.php\/2014\/05\/02\/saint-jean-porte-latine-2014-saint-honore-2014\/\" class=\"more-link\">Continuer la lecture de <span class=\"screen-reader-text\">Saint-Jean-Porte-Latine 2014 &#038; Saint-Honor\u00e9 2014<\/span><\/a><\/p>\n","protected":false},"author":1,"featured_media":0,"comment_status":"closed","ping_status":"closed","sticky":false,"template":"","format":"standard","meta":{"footnotes":""},"categories":[1],"tags":[],"_links":{"self":[{"href":"https:\/\/expotec103.fr\/index.php\/wp-json\/wp\/v2\/posts\/989"}],"collection":[{"href":"https:\/\/expotec103.fr\/index.php\/wp-json\/wp\/v2\/posts"}],"about":[{"href":"https:\/\/expotec103.fr\/index.php\/wp-json\/wp\/v2\/types\/post"}],"author":[{"embeddable":true,"href":"https:\/\/expotec103.fr\/index.php\/wp-json\/wp\/v2\/users\/1"}],"replies":[{"embeddable":true,"href":"https:\/\/expotec103.fr\/index.php\/wp-json\/wp\/v2\/comments?post=989"}],"version-history":[{"count":0,"href":"https:\/\/expotec103.fr\/index.php\/wp-json\/wp\/v2\/posts\/989\/revisions"}],"wp:attachment":[{"href":"https:\/\/expotec103.fr\/index.php\/wp-json\/wp\/v2\/media?parent=989"}],"wp:term":[{"taxonomy":"category","embeddable":true,"href":"https:\/\/expotec103.fr\/index.php\/wp-json\/wp\/v2\/categories?post=989"},{"taxonomy":"post_tag","embeddable":true,"href":"https:\/\/expotec103.fr\/index.php\/wp-json\/wp\/v2\/tags?post=989"}],"curies":[{"name":"wp","href":"https:\/\/api.w.org\/{rel}","templated":true}]}}